{"id":7896,"date":"2020-10-17T16:11:24","date_gmt":"2020-10-17T19:11:24","guid":{"rendered":"http:\/\/www.toque-musicall.com\/?p=7896"},"modified":"2020-10-17T16:11:24","modified_gmt":"2020-10-17T19:11:24","slug":"filosofia-do-samba-1973","status":"publish","type":"post","link":"https:\/\/www.toque-musicall.com\/?p=7896","title":{"rendered":"Filosofia Do Samba (1973)"},"content":{"rendered":"\n<figure class=\"wp-block-image size-large\"><img decoding=\"async\" src=\"https:\/\/1.bp.blogspot.com\/-lzy1dGYRM6o\/X4s86c3g4lI\/AAAAAAAASPM\/u5x1QXZ8U-ky1U1qfQtRjy9ORvNMGP1-QCLcBGAsYHQ\/w638-h640\/Anota%25C3%25A7%25C3%25A3o%2B2020-10-17%2B151901.jpg\" alt=\"\"\/><\/figure>\n\n\n\n<figure class=\"wp-block-image size-large\"><img decoding=\"async\" src=\"https:\/\/1.bp.blogspot.com\/-_jLYNKuuSN4\/X4s86gQYU1I\/AAAAAAAASPQ\/AUJ5fBaGtlwPJzEWhUMyNl5TmT1WcRSaQCLcBGAsYHQ\/w640-h636\/Anota%25C3%25A7%25C3%25A3o%2B2020-10-17%2B151937.jpg\" alt=\"\"\/><\/figure>\n\n\n<p>Boa tarde, amigos cultos e ocultos! Nosso encontro hoje \u00e9 com o samba. Temos aqui uma colet\u00e2nea de primeir\u00edssima qualidade produzida pela RCA em 1973, reunindo um exemplar grupo de sambas e sambistas de tirar o chap\u00e9u. Como se pode ver logo pela capa, temos Candeia, Cartola, Z\u00e9 Keti, Elton Medeiros, Jorge Veiga, Martinho da Vila e Os Originais do Samba, Adalto Santos, Noel Rosa de Oliveira, Gilberto Alves, D\u00e9o e Geraldo Bab\u00e3o. S\u00e3o doze sambas inesquec\u00edveis, confiram&#8230;<\/p>\n<p>filosofia do samba &#8211; candeia<\/p>\n<p>a voz do morro &#8211; z\u00e9 keti<\/p>\n<p>quatro crioulos &#8211; elton medeiros<\/p>\n<p>viola de ma\u00e7aranduba &#8211; geraldo bab\u00e3o<\/p>\n<p>vem chegando a madrugada &#8211; noel rosa de oliveira<\/p>\n<p>vou te abandonar &#8211; jorge veiga<\/p>\n<p>l\u00e1 em mangueira &#8211; martinho da vila e os originais do samba<\/p>\n<p>apanhando papel &#8211; gilberto alves<\/p>\n<p>que bate fundo \u00e9 esse &#8211; jorge veiga<\/p>\n<p>volta por cima &#8211; adauto santos<\/p>\n<p>al\u00f4 pandeiro &#8211; d\u00e9o<\/p>\n<p>preconceito &#8211; cartola<\/p>\n<p>.<\/p>","protected":false},"excerpt":{"rendered":"<p>Boa tarde, amigos cultos e ocultos! Nosso encontro hoje \u00e9 com o samba. Temos aqui uma colet\u00e2nea de primeir\u00edssima qualidade produzida pela RCA em 1973, reunindo um exemplar grupo de sambas e sambistas de tirar o chap\u00e9u. Como se pode &hellip; <a href=\"https:\/\/www.toque-musicall.com\/?p=7896\">Continue lendo <span class=\"meta-nav\">&rarr;<\/span><\/a><\/p>\n","protected":false},"author":1,"featured_media":0,"comment_status":"closed","ping_status":"closed","sticky":false,"template":"","format":"standard","meta":{"footnotes":""},"categories":[3970,277],"tags":[3971,3204],"class_list":["post-7896","post","type-post","status-publish","format-standard","hentry","category-filosofia-do-samba","category-selo-rca-camden","tag-filosofia-do-samba","tag-selo-rca-camden"],"_links":{"self":[{"href":"https:\/\/www.toque-musicall.com\/index.php?rest_route=\/wp\/v2\/posts\/7896","targetHints":{"allow":["GET"]}}],"collection":[{"href":"https:\/\/www.toque-musicall.com\/index.php?rest_route=\/wp\/v2\/posts"}],"about":[{"href":"https:\/\/www.toque-musicall.com\/index.php?rest_route=\/wp\/v2\/types\/post"}],"author":[{"embeddable":true,"href":"https:\/\/www.toque-musicall.com\/index.php?rest_route=\/wp\/v2\/users\/1"}],"replies":[{"embeddable":true,"href":"https:\/\/www.toque-musicall.com\/index.php?rest_route=%2Fwp%2Fv2%2Fcomments&post=7896"}],"version-history":[{"count":1,"href":"https:\/\/www.toque-musicall.com\/index.php?rest_route=\/wp\/v2\/posts\/7896\/revisions"}],"predecessor-version":[{"id":7898,"href":"https:\/\/www.toque-musicall.com\/index.php?rest_route=\/wp\/v2\/posts\/7896\/revisions\/7898"}],"wp:attachment":[{"href":"https:\/\/www.toque-musicall.com\/index.php?rest_route=%2Fwp%2Fv2%2Fmedia&parent=7896"}],"wp:term":[{"taxonomy":"category","embeddable":true,"href":"https:\/\/www.toque-musicall.com\/index.php?rest_route=%2Fwp%2Fv2%2Fcategories&post=7896"},{"taxonomy":"post_tag","embeddable":true,"href":"https:\/\/www.toque-musicall.com\/index.php?rest_route=%2Fwp%2Fv2%2Ftags&post=7896"}],"curies":[{"name":"wp","href":"https:\/\/api.w.org\/{rel}","templated":true}]}}