{"id":79,"date":"2012-04-30T22:42:00","date_gmt":"2012-04-30T22:42:00","guid":{"rendered":"http:\/\/www.toque-musicall.com\/?p=79"},"modified":"2012-04-30T22:42:00","modified_gmt":"2012-04-30T22:42:00","slug":"a-era-getulio-vargas-selecao-78-rpm-do-toque-musical-vol-19-2012","status":"publish","type":"post","link":"https:\/\/www.toque-musicall.com\/?p=79","title":{"rendered":"A Era Get\u00falio Vargas &#8211; Sele\u00e7\u00e3o 78 RPM Do Toque Musical &#8211; Vol.19 (2012)"},"content":{"rendered":"<div style=\"clear: both; text-align: center;\"><a href=\"http:\/\/2.bp.blogspot.com\/-azyekDxio1I\/T58U64x6yoI\/AAAAAAAAByE\/o1KVbtTIjUw\/s1600\/CAPA+P.JPG\" style=\"margin-left: 1em; margin-right: 1em;\"><img loading=\"lazy\" decoding=\"async\" border=\"0\" height=\"400\" src=\"http:\/\/2.bp.blogspot.com\/-azyekDxio1I\/T58U64x6yoI\/AAAAAAAAByE\/o1KVbtTIjUw\/s400\/CAPA+P.JPG\" width=\"400\" \/><\/a><\/div>\n<div style=\"clear: both; text-align: center;\"><a href=\"http:\/\/4.bp.blogspot.com\/-rpAcyq2XpXI\/T58U1kW7UgI\/AAAAAAAABx8\/yf-LyNFTAQQ\/s1600\/CONTRACAPA+P.JPG\" style=\"margin-left: 1em; margin-right: 1em;\"><img loading=\"lazy\" decoding=\"async\" border=\"0\" height=\"400\" src=\"http:\/\/4.bp.blogspot.com\/-rpAcyq2XpXI\/T58U1kW7UgI\/AAAAAAAABx8\/yf-LyNFTAQQ\/s400\/CONTRACAPA+P.JPG\" width=\"400\" \/><\/a><\/div>\n<p><\/p>\n<div>Nenhum outro presidente da Rep\u00fablica no Brasil ficou tanto tempo no poder quanto o ga\u00facho Get\u00falio Dornelles Vargas (S\u00e3o Borja, RS-1882-Rio de Janeiro, 1954). Ele chegou \u00e0 presid\u00eancia em 1930, ap\u00f3s a deposi\u00e7\u00e3o de Washington Lu\u00eds, de quem ironicamente havia sido ministro da Fazenda, e consequente fim da \u201cpol\u00edtica caf\u00e9 com\u00a0 leite\u201d, em que S\u00e3o Paulo e Minas Gerais se.alternavam no comando da Na\u00e7\u00e3o. Da\u00ed em diante, ficou quinze anos ininterruptos, at\u00e9 ser deposto em 1945. Em 1951, Get\u00falio voltou ao poder, desta vez pelo voto direto, mas em virtude de forte oposi\u00e7\u00e3o a seu governo (no qual inclusive foi criada a Petrobr\u00e1s), acabou se suicidando no dia 24 de agosto de 1954, provocando como\u00e7\u00e3o geral em todo o pa\u00eds. Somando-se esses dois per\u00edodos, Get\u00falio ficou no poder durante dezoito anos e sete meses, um recorde absoluto. <o:p><\/o:p><\/div>\n<div>O Grand Record Brazil come\u00e7a hoje a nos transportar para esse que foi um dos mais importantes per\u00edodos da Hist\u00f3ria brasileira: a era getulista. Tudo come\u00e7a com a derrota de Get\u00falio Vargas para J\u00falio Prestes, na elei\u00e7\u00e3o de 1930. A 26 de julho daquele ano, Jo\u00e3o Pessoa, candidato a vice na chapa derrotada, foi assassinado a tiros na Confeitaria A Gl\u00f3ria, do Recife, por seu desafeto Jo\u00e3o Dantas, por motivos estritamente pessoais. Apesar disso, a oposi\u00e7\u00e3o transformou o fato em instrumento pol\u00edtico, jogando o povo contra o governo. Da\u00ed nasce a Alian\u00e7a Liberal, formada pelos estados do Rio Grande do Sul, da Para\u00edba e de Minas Gerias, que dep\u00f5e Washington Lu\u00edz e p\u00f5e Get\u00falio no poder, a famosa Revolu\u00e7\u00e3o de 30. <\/div>\n<div>O disco que abre nossa sele\u00e7\u00e3o musical desta semana \u00e9 o Columbia 5117, lan\u00e7ado em dezembro de 1929, com duas marchinhas de Hekel Tavares e Luiz Peixoto (parceiros na cl\u00e1ssica can\u00e7\u00e3o \u201cCasa de caboclo\u201d) para o carnaval de 30, interpretadas pelo paulistano Jayme Redondo (1890-1952), com acompanhamento de grupo regional, e que refletem muito bem os momentos acirrados da sucess\u00e3o de Washington Lu\u00eds.\u00a0 No lado A, a matriz 380430 apresenta \u201cHarmonia! Harmonia!\u201d, e o verso, matriz 380431, \u201cComendo bola\u201d. Nessas duas m\u00fasicas, h\u00e1 todo um rico document\u00e1rio pol\u00edtico de fatos e personagens: Barbado (Washington Lu\u00eds), Ant\u00f4nio Carlos (ent\u00e3o governador mineiro), as cartas turcas, 17 Estados a favor de Prestes e s\u00f3 tr\u00eas contra, etc. \u201cComendo bola\u201d \u00e9 nitidamente a favor de J\u00falio Prestes: \u201cGet\u00falio, voc\u00ea t\u00e1 comendo bola\/ N\u00e3o te mete com seu J\u00falio\/ N\u00e3o te mete com seu J\u00falio\/ que seu J\u00falio tem escola\u201d. <\/div>\n<div>Evidentemente, por quest\u00e3o de bom senso, mostramos aqui tamb\u00e9m o outro lado, ou seja, o dos getulistas. Vitoriosa a Revolu\u00e7\u00e3o de 30, com Get\u00falio j\u00e1 no poder, Lamartine Babo lan\u00e7a, para o carnaval de 1931, a marchinha \u201cG-E-G\u00ea (Seu Get\u00falio)\u201d, fazendo velada propaganda do novo chefe da na\u00e7\u00e3o, com a exalta\u00e7\u00e3o da nova ordem para o povo brasileiro, a mudan\u00e7a custe o que custar. Possivelmente teria sido executada como \u201cjingle\u201d pol\u00edtico na constru\u00e7\u00e3o do apoio ao golpe contra Prestes. Almirante e o Bando de Tangar\u00e1s ficaram incumbidos de lan\u00e7\u00e1-la, pela Parlophon, em janeiro de 1931, no disco 13274-B, matriz 131057, com acompanhamento da Orquestra Guanabara.<\/div>\n<div>Seis anos mais tarde, durante o chamado \u201cgoverno provis\u00f3rio\u201d getulista, fala-se na possibilidade de elei\u00e7\u00f5es para a escolha do sucessor de Get\u00falio na presid\u00eancia, com dois fortes candidatos: o ent\u00e3o governador de S\u00e3o Paulo Armando Salles de Oliveira (o seu Manduca), este com a candidatura j\u00e1 lan\u00e7ada, e o ministro Osvaldo Aranha (o seu Vav\u00e1), que na verdade nem sequer chegou a se candidatar. A 28 de novembro de 1936, S\u00edlvio Caldas grava na Odeon, para o carnaval de 37, com lan\u00e7amento em janeiro (11450-A, matriz 5468), a marchinha \u201cA menina presid\u00eancia\u201d, de N\u00e1ssara e Crist\u00f3v\u00e3o de Alencar, vencedora de um concurso chamado \u201cQuem ser\u00e1 o homem?\u201d, antecipando o desfecho nos versos finais do estribilho: \u201cNa hora H quem vai ficar \u00e9 seu Geg\u00ea\u201d. E, de fato, as elei\u00e7\u00f5es n\u00e3o aconteceram, pois a 10 de novembro de 1937, Get\u00falio implanta no pa\u00eds o Estado Novo, com maior centraliza\u00e7\u00e3o do poder, ficando na presid\u00eancia at\u00e9 sua deposi\u00e7\u00e3o, em 1945.<\/div>\n<div>Do Estado Novo j\u00e1 \u00e9 a faixa seguinte, a marchinha \u201cGl\u00f3rias do Brasil\u201d, de Z\u00e9 Pretinho e Ant\u00f4nio Gilberto dos Santos. Foi gravada na Odeon em 16 de agosto de 1938, com lan\u00e7amento em outubro seguinte com o n\u00famero 11646-A, matriz 5902, na interpreta\u00e7\u00e3o de Nuno Roland (Reinold Correia de Oliveira, 1913-1975), catarinense de Joinville, ent\u00e3o em princ\u00edpio de carreira. \u00c9 uma verdadeira exalta\u00e7\u00e3o de cunho patri\u00f3tico ao ent\u00e3o chefe da Na\u00e7\u00e3o. <\/div>\n<div>Mais tarde, seguindo o exemplo do governo fascista italiano, Get\u00falio decreta o aumento do imposto de renda dos solteiros, e incentiva com benef\u00edcios as fam\u00edlias numerosas. Isso inspira o\u00a0 poeta de Mira\u00ed, Ataulfo Alves, a compor com Felisberto Martins o samba \u201c\u00c9 neg\u00f3cio casar!\u201d, que ele pr\u00f3prio grava na Odeon em 12 de junho de 1941, com acompanhamento da orquestra do maestro Fon-Fon (Otaviano Romero Monteiro), sendo o disco lan\u00e7ado em outubro seguinte com o n\u00famero 12047-A, matriz 6686. Uma aut\u00eantica e interessante cr\u00f4nica. <\/div>\n<div>Um ano mais tarde, foi lan\u00e7ado um sem n\u00famero de can\u00e7\u00f5es patri\u00f3ticas, refletindo a tens\u00e3o provocada pela Segunda Guerra Mundial, iniciada em 1939\u00a0 e que j\u00e1 preocupava e afetava o Brasil, visando levantar o orgulho e a consci\u00eancia nacionais. Dessa \u00e9poca \u00e9 o samba \u201cBrasil brasileiro\u201d, gravado por Carlos Galhardo na Victor com acompanhamento da orquestra do maestro Passos, em 9 de junho de 1942, com lan\u00e7amento em agosto seguinte, disco 34951-A, matriz S-052546. Pouco tempo antes, em maio de 42, a Columbia lan\u00e7ou, na voz de D\u00e9o (Ferjallah Rizkallah, \u201co ditador de sucessos\u201d), acompanhado por Chiquinho e seu ritmo, o samba \u201cO sorriso do presidente\u201d, de Alcyr Pires Vermelho e Alberto Ribeiro, disco 55336-A, matriz 525. Nesse mesmo ano, por for\u00e7a do torpedeamento de navios mercantes brasileiros, o Brasil declarava guerra aos pa\u00edses do Eixo, Alemanha, It\u00e1lia e Jap\u00e3o, assim entrando no conflito. <\/div>\n<div>Finalizando esta primeira parte, temos o grande Moreira da Silva, o eterno Kid Morenguera, inimit\u00e1vel rei do samba de breque, interpretando, de Henrique Gon\u00e7alez, \u201cDiplomata\u201d, gravado na Odeon em primeiro de outubro de 1942, com a declara\u00e7\u00e3o brasileira de guerra j\u00e1 consumada,\u00a0 e lan\u00e7amento em janeiro de 43 sob n\u00famero 12252-A, matriz 7075. Devidamente acompanhado pelo regional do multi-instrumentista Garoto (An\u00edbal Augusto Sardinha, 1915-1955, autor de \u201cDuas contas\u201d, \u201cS\u00e3o Paulo quatrocent\u00e3o\u201d e \u201cGente humilde\u201d), Moreira exalta a figura de Get\u00falio, um \u201chomem de fibra\u201d, e conclama o povo brasileiro \u00e0 luta.<\/div>\n<p><span style=\"font-family: 'Times New Roman'; font-size: 12pt;\">Enfim, s\u00e3o aut\u00eanticas cr\u00f4nicas musicais desse per\u00edodo importante de nossa Hist\u00f3ria. E fiquem ligados, pois semana que vem tem mais. At\u00e9 l\u00e1!<\/span><br \/><span style=\"font-family: 'Times New Roman'; font-size: 12pt;\"><br \/><\/span><br \/><span style=\"font-size: xx-small;\">TEXTO DE\u00a0<\/span><span style=\"font-family: 'Times New Roman';\"><span style=\"font-size: xx-small;\">SAMUEL MACHADO FILHO<\/span><\/span><\/p>\n","protected":false},"excerpt":{"rendered":"<p>Nenhum outro presidente da Rep\u00fablica no Brasil ficou tanto tempo no poder quanto o ga\u00facho Get\u00falio Dornelles Vargas (S\u00e3o Borja, RS-1882-Rio de Janeiro, 1954). Ele chegou \u00e0 presid\u00eancia em 1930, ap\u00f3s a deposi\u00e7\u00e3o de Washington Lu\u00eds, de quem ironicamente havia &hellip; <a href=\"https:\/\/www.toque-musicall.com\/?p=79\">Continue lendo <span class=\"meta-nav\">&rarr;<\/span><\/a><\/p>\n","protected":false},"author":1,"featured_media":0,"comment_status":"open","ping_status":"closed","sticky":false,"template":"","format":"standard","meta":{"footnotes":""},"categories":[140,101,143,138,141,11,142,139,144,13,12],"tags":[],"class_list":["post-79","post","type-post","status-publish","format-standard","hentry","category-almirante","category-ataulfo-alves","category-bando-de-tangaras","category-carlos-galhardo","category-deo","category-exclusivos-do-toque-musical","category-garoto","category-jaime-redondo","category-nuno-roland","category-selo-grand-record-brazil","category-silvio-caldas"],"_links":{"self":[{"href":"https:\/\/www.toque-musicall.com\/index.php?rest_route=\/wp\/v2\/posts\/79","targetHints":{"allow":["GET"]}}],"collection":[{"href":"https:\/\/www.toque-musicall.com\/index.php?rest_route=\/wp\/v2\/posts"}],"about":[{"href":"https:\/\/www.toque-musicall.com\/index.php?rest_route=\/wp\/v2\/types\/post"}],"author":[{"embeddable":true,"href":"https:\/\/www.toque-musicall.com\/index.php?rest_route=\/wp\/v2\/users\/1"}],"replies":[{"embeddable":true,"href":"https:\/\/www.toque-musicall.com\/index.php?rest_route=%2Fwp%2Fv2%2Fcomments&post=79"}],"version-history":[{"count":0,"href":"https:\/\/www.toque-musicall.com\/index.php?rest_route=\/wp\/v2\/posts\/79\/revisions"}],"wp:attachment":[{"href":"https:\/\/www.toque-musicall.com\/index.php?rest_route=%2Fwp%2Fv2%2Fmedia&parent=79"}],"wp:term":[{"taxonomy":"category","embeddable":true,"href":"https:\/\/www.toque-musicall.com\/index.php?rest_route=%2Fwp%2Fv2%2Fcategories&post=79"},{"taxonomy":"post_tag","embeddable":true,"href":"https:\/\/www.toque-musicall.com\/index.php?rest_route=%2Fwp%2Fv2%2Ftags&post=79"}],"curies":[{"name":"wp","href":"https:\/\/api.w.org\/{rel}","templated":true}]}}