{"id":7907,"date":"2020-10-20T01:15:00","date_gmt":"2020-10-20T04:15:00","guid":{"rendered":"http:\/\/www.toque-musicall.com\/?p=7907"},"modified":"2020-10-24T01:21:02","modified_gmt":"2020-10-24T04:21:02","slug":"canhoto-e-seu-regional-noites-brasileiras-1958","status":"publish","type":"post","link":"https:\/\/www.toque-musicall.com\/?p=7907","title":{"rendered":"Canhoto E Seu Regional &#8211; Noites Brasileiras (1958)"},"content":{"rendered":"\n<figure class=\"wp-block-image size-large\"><img decoding=\"async\" src=\"https:\/\/1.bp.blogspot.com\/--_qUJj7T3B4\/X5NBYpv539I\/AAAAAAAASQk\/5_dsxy5i4Cct4nEWrXDV5u4p12BofPz0QCLcBGAsYHQ\/w640-h630\/Anota%25C3%25A7%25C3%25A3o%2B2020-10-23%2B173716.jpg\" alt=\"\"\/><\/figure>\n\n\n\n<figure class=\"wp-block-image size-large\"><img decoding=\"async\" src=\"https:\/\/1.bp.blogspot.com\/-j36xqmFbWro\/X5NBYtj0PTI\/AAAAAAAASQo\/vLC4E2QH8FQPTJ74VrfVecDJpdZfhkepwCLcBGAsYHQ\/w634-h640\/Anota%25C3%25A7%25C3%25A3o%2B2020-10-23%2B173835.jpg\" alt=\"\"\/><\/figure>\n\n\n<p>Boa tarde a todos, amigos cultos e ocultos! Para essa nossa ter\u00e7a feira eu trago um disquinho de 10 polegadas que \u00e9 uma beleza. Temos aqui Canhoto e seu Regional. Frederico Tramontano, mais conhecido como Canhoto do Cavaquinho foi integrante do conjunto de Benedito Lacerda, no in\u00edcio dos anos 50. E \u00e9 justamente deste grupo que nasce o seu Regional, formado pelos violonistas Horondino Silva e Jayme Florence, Orlando Silveira no acordeon, Carlos Poyares na flauta e Jorge Silva no pandeiro. Com essa mesma forma\u00e7\u00e3o Canhoto estreia o programa &#8220;Noites Brasileiras&#8221;, fazendo muito sucesso na r\u00e1dio Mayrink Veiga. Este disco nos apresenta exatamente um pouco do repert\u00f3rio que se ouvia na r\u00e1dio nas noites de sexta-feira. Temos aqui os chorinhos, valsas, sambas e maxixes. E para essa grava\u00e7\u00e3o Canhoto e seu regional contaram com a participa\u00e7\u00e3o de outros m\u00fasicos e entre os quais, o Pedro (Sorongo) Santos, no ganz\u00e1. Est\u00e1 a\u00ed um disco precioso que a gente n\u00e3o pode deixar passar em branco. Vamos conferir no GTM&#8230;<\/p>\n<p>carinhoso<\/p>\n<p>ainda me recordo<\/p>\n<p>clube xv<\/p>\n<p>em que \u00e9poca<\/p>\n<p>uma noite em sumar\u00e9<\/p>\n<p>dorinha meu amor<\/p>\n<p>flor do mal<\/p>\n<p>at\u00e9 amanh\u00e3<\/p>\n<p>.<\/p>\n<p>\u00a0<\/p>\n\n\n<p><\/p>\n","protected":false},"excerpt":{"rendered":"<p>Boa tarde a todos, amigos cultos e ocultos! Para essa nossa ter\u00e7a feira eu trago um disquinho de 10 polegadas que \u00e9 uma beleza. Temos aqui Canhoto e seu Regional. Frederico Tramontano, mais conhecido como Canhoto do Cavaquinho foi integrante &hellip; <a href=\"https:\/\/www.toque-musicall.com\/?p=7907\">Continue lendo <span class=\"meta-nav\">&rarr;<\/span><\/a><\/p>\n","protected":false},"author":1,"featured_media":0,"comment_status":"closed","ping_status":"closed","sticky":false,"template":"","format":"standard","meta":{"footnotes":""},"categories":[2256,3979,70],"tags":[3978,3977,3061],"class_list":["post-7907","post","type-post","status-publish","format-standard","hentry","category-canhoto-do-cavaquinho","category-canhoto-e-seu-regional","category-selo-rca-victor","tag-canhoto-do-cavaquinho","tag-canhoto-e-seu-regional","tag-selo-rca-victor"],"_links":{"self":[{"href":"https:\/\/www.toque-musicall.com\/index.php?rest_route=\/wp\/v2\/posts\/7907","targetHints":{"allow":["GET"]}}],"collection":[{"href":"https:\/\/www.toque-musicall.com\/index.php?rest_route=\/wp\/v2\/posts"}],"about":[{"href":"https:\/\/www.toque-musicall.com\/index.php?rest_route=\/wp\/v2\/types\/post"}],"author":[{"embeddable":true,"href":"https:\/\/www.toque-musicall.com\/index.php?rest_route=\/wp\/v2\/users\/1"}],"replies":[{"embeddable":true,"href":"https:\/\/www.toque-musicall.com\/index.php?rest_route=%2Fwp%2Fv2%2Fcomments&post=7907"}],"version-history":[{"count":2,"href":"https:\/\/www.toque-musicall.com\/index.php?rest_route=\/wp\/v2\/posts\/7907\/revisions"}],"predecessor-version":[{"id":7909,"href":"https:\/\/www.toque-musicall.com\/index.php?rest_route=\/wp\/v2\/posts\/7907\/revisions\/7909"}],"wp:attachment":[{"href":"https:\/\/www.toque-musicall.com\/index.php?rest_route=%2Fwp%2Fv2%2Fmedia&parent=7907"}],"wp:term":[{"taxonomy":"category","embeddable":true,"href":"https:\/\/www.toque-musicall.com\/index.php?rest_route=%2Fwp%2Fv2%2Fcategories&post=7907"},{"taxonomy":"post_tag","embeddable":true,"href":"https:\/\/www.toque-musicall.com\/index.php?rest_route=%2Fwp%2Fv2%2Ftags&post=7907"}],"curies":[{"name":"wp","href":"https:\/\/api.w.org\/{rel}","templated":true}]}}