{"id":791,"date":"2010-07-07T10:09:00","date_gmt":"2010-07-07T10:09:00","guid":{"rendered":"http:\/\/www.toque-musicall.com\/?p=791"},"modified":"2010-07-07T10:09:00","modified_gmt":"2010-07-07T10:09:00","slug":"nosso-sinho-do-samba-1988","status":"publish","type":"post","link":"https:\/\/www.toque-musicall.com\/?p=791","title":{"rendered":"Nosso Sinh\u00f4 Do Samba (1988)"},"content":{"rendered":"<p><a href=\"http:\/\/4.bp.blogspot.com\/_DSKVEvHtskc\/TDRSZhbHGYI\/AAAAAAAAGvM\/ozDPRgqmTHM\/s1600\/sinh%C3%B4.JPG\"><img decoding=\"async\" style=\"TEXT-ALIGN: center; MARGIN: 0px auto 10px; WIDTH: 400px; DISPLAY: block; HEIGHT: 400px; CURSOR: hand\" id=\"BLOGGER_PHOTO_ID_5491104444093766018\" border=\"0\" alt=\"\" src=\"http:\/\/4.bp.blogspot.com\/_DSKVEvHtskc\/TDRSZhbHGYI\/AAAAAAAAGvM\/ozDPRgqmTHM\/s400\/sinh%C3%B4.JPG\" \/><\/a> Amanheceu&#8230; voltei a realidade. Por pouco mais de seis horas estive longe dos problemas e do mal estar. Agora estou aqui tentando planejar o meu dia. Sem carro, muda-se toda a minha rotina. O dia hoje vai ser duro. Vou correr atr\u00e1s do preju\u00edzo, refazer as contas e prestar contas. Agrade\u00e7o aos amigos cultos e ocultos a solidariedade. Foi reconfortante ler agora, logo cedo, essas mensagens de apoio. Obrigado! At\u00e9 ontem, antes do meu carro ser roubado, eu havia selecionado uma meia d\u00fazia de discos interessantes de samba, s\u00f3 coisa boa e rara. Mas com o ocorrido, n\u00e3o tive nem cabe\u00e7a para lev\u00e1-los para casa. Da\u00ed, nossa semana que seria dedicada ao samba vai ficando adiada. Por\u00e9m, quando se trata de m\u00fasica popular brasileira, a gente vai estar sempre trope\u00e7ando em algum samba e assim, dificilmente, fugiremos por completo do batuque.<br \/>Aqui vai uma sele\u00e7\u00e3o da boa, das origens do samba. Temos &#8220;Nosso Sinh\u00f4 do Samba&#8221;, um disco lan\u00e7ado pela Funart, dentro do Projeto Almirante, em 1988. Este lp re\u00fane 14 fonogramas selecionados com m\u00fasicas de Jos\u00e9 Barbosa da Silva, mais conhecido com Sinh\u00f4, um dos mais importantes compositores da m\u00fasica popular brasileira de uma \u00e9poca, ao lado de Pixinguinha, Donga e Caninha. As m\u00fasicas reunidas neste \u00e1lbum s\u00e3o grava\u00e7\u00f5es bem antigas e raras da d\u00e9cada de 20, realizadas por dois dos seus maiores int\u00e9rpretes, Francisco Alves e M\u00e1rio Reis. Confiram&#8230;<\/p>\n<div align=\"center\">ora, vejam s\u00f3 &#8211; francisco alves<\/div>\n<div align=\"center\">amar a uma s\u00f3 mulher &#8211; francisco alves<\/div>\n<div align=\"center\">o bobalh\u00e3o &#8211; francisco alves<\/div>\n<div align=\"center\">eu ou\u00e7o falar &#8211; francisco alves<\/div>\n<div align=\"center\">a favela vai abaixo &#8211; francisco alves<\/div>\n<div align=\"center\">n\u00e3o quero saber mais dela &#8211; francisco alves e rosa negra<\/div>\n<div align=\"center\">sonho de ga\u00facho &#8211; francisco alves<\/div>\n<div align=\"center\">cansei &#8211; m\u00e1rio reis<\/div>\n<div align=\"center\">carga de burro &#8211; m\u00e1rio reis<\/div>\n<div align=\"center\">gosto que me enrosco &#8211; m\u00e1rio reis<\/div>\n<div align=\"center\">j\u00e1 \u00e9 demais &#8211; m\u00e1rio reis<\/div>\n<div align=\"center\">a medida do senhor do bonfim -m\u00e1rio reis<\/div>\n<div align=\"center\">sabi\u00e1 &#8211; m\u00e1rio reis<\/div>\n<div align=\"center\"> <\/div>\n<div align=\"center\"> <\/div>\n","protected":false},"excerpt":{"rendered":"<p>Amanheceu&#8230; voltei a realidade. Por pouco mais de seis horas estive longe dos problemas e do mal estar. Agora estou aqui tentando planejar o meu dia. Sem carro, muda-se toda a minha rotina. O dia hoje vai ser duro. Vou &hellip; <a href=\"https:\/\/www.toque-musicall.com\/?p=791\">Continue lendo <span class=\"meta-nav\">&rarr;<\/span><\/a><\/p>\n","protected":false},"author":1,"featured_media":0,"comment_status":"open","ping_status":"closed","sticky":false,"template":"","format":"standard","meta":{"footnotes":""},"categories":[115,817,1077],"tags":[],"class_list":["post-791","post","type-post","status-publish","format-standard","hentry","category-francisco-alves","category-mario-reis","category-sinho"],"_links":{"self":[{"href":"https:\/\/www.toque-musicall.com\/index.php?rest_route=\/wp\/v2\/posts\/791","targetHints":{"allow":["GET"]}}],"collection":[{"href":"https:\/\/www.toque-musicall.com\/index.php?rest_route=\/wp\/v2\/posts"}],"about":[{"href":"https:\/\/www.toque-musicall.com\/index.php?rest_route=\/wp\/v2\/types\/post"}],"author":[{"embeddable":true,"href":"https:\/\/www.toque-musicall.com\/index.php?rest_route=\/wp\/v2\/users\/1"}],"replies":[{"embeddable":true,"href":"https:\/\/www.toque-musicall.com\/index.php?rest_route=%2Fwp%2Fv2%2Fcomments&post=791"}],"version-history":[{"count":0,"href":"https:\/\/www.toque-musicall.com\/index.php?rest_route=\/wp\/v2\/posts\/791\/revisions"}],"wp:attachment":[{"href":"https:\/\/www.toque-musicall.com\/index.php?rest_route=%2Fwp%2Fv2%2Fmedia&parent=791"}],"wp:term":[{"taxonomy":"category","embeddable":true,"href":"https:\/\/www.toque-musicall.com\/index.php?rest_route=%2Fwp%2Fv2%2Fcategories&post=791"},{"taxonomy":"post_tag","embeddable":true,"href":"https:\/\/www.toque-musicall.com\/index.php?rest_route=%2Fwp%2Fv2%2Ftags&post=791"}],"curies":[{"name":"wp","href":"https:\/\/api.w.org\/{rel}","templated":true}]}}