{"id":7910,"date":"2020-10-21T08:23:00","date_gmt":"2020-10-21T11:23:00","guid":{"rendered":"http:\/\/www.toque-musicall.com\/?p=7910"},"modified":"2021-01-10T09:47:49","modified_gmt":"2021-01-10T12:47:49","slug":"irineu-eu-1991","status":"publish","type":"post","link":"https:\/\/www.toque-musicall.com\/?p=7910","title":{"rendered":"Irineu &#8211; Eu (1991)"},"content":{"rendered":"\n<figure class=\"wp-block-image size-large\"><img decoding=\"async\" src=\"https:\/\/1.bp.blogspot.com\/-wD6_t9Q6Sl0\/X5VUY9u9wyI\/AAAAAAAASQ4\/cEjtkBWfYDUK69nKRvbLYnrZoqGtZzhJwCLcBGAsYHQ\/w630-h640\/Anota%25C3%25A7%25C3%25A3o%2B2020-10-11%2B202440.JPG\" alt=\"\"\/><\/figure>\n\n\n\n<figure class=\"wp-block-image size-large\"><img decoding=\"async\" src=\"https:\/\/1.bp.blogspot.com\/-ZaMJ7_ZLme0\/X5VUjD-RaiI\/AAAAAAAASRA\/dW8VTxQma7k1jnUrB9Kbh3HG7I6fnjGOQCLcBGAsYHQ\/w634-h640\/Anota%25C3%25A7%25C3%25A3o%2B2020-10-11%2B202405.JPG\" alt=\"\"\/><\/figure>\n\n\n<p>Muito bom dia a todos, amigos cultos e ocultos! Temos hoje para o nosso toque musical mais um artista mineiro, o qual merece nosso destaque. Estou falando do Irineu, ou como hoje em dia assume, Irineu de Palmira. M\u00fasico nascido em Belo Horizonte, tamb\u00e9m cantor e compositor. Iniciou sua carreira nos anos 70 participando de eventos culturais e em diversos festivais de m\u00fasica, onde sempre se destacou como compositor, arranjador ou int\u00e9rprete. Ganhou v\u00e1rios festivais, o que acabou levando-o para trabalhar em S\u00e3o Paulo, onde ent\u00e3o a sua carreira ganhou for\u00e7a. Trabalhou como instrumentista e cantor na banda da casa noturna de Oswaldo Sargentelli. Ali\u00e1s, foi tocando na noite que ele ganhou prestigio, ao lado de grandes nomes como Cauby Peixoto, Pery Ribeiro, Hector Costita, Carmen Costa, Wilson Simonal e muitos outros. Fez trilhas para teatro e tv. Tamb\u00e9m como compositor tem m\u00fasicas gravadas por grandes nomes da MPB. Continua sempre muito ativo e recentemente vi ele numa live, no Facebook. Acredito que tenha lan\u00e7ado novos trabalhos, pois este foi o seu disco de estreia, um trabalho que come\u00e7ou a se gravado em 1988 e finalizado em 91, quando ent\u00e3o foi lan\u00e7ado, em produ\u00e7\u00e3o independente. Um disco praticamente todo autoral, mas tendo tamb\u00e9m o cl\u00e1ssico de nosso cancioneiro, &#8220;Maring\u00e1&#8221;, de Joubert de Carvalho. O disco tem a produ\u00e7\u00e3o musical de Kapenga, do grupo Bendeg\u00f3, que tamb\u00e9m participa do trabalho juntamente com grandes nomes como Gereba, Papete, Duda Neves e outros&#8230; N\u00e3o deixem de conferir no GTM&#8230;<\/p>\n<p>descaminhos<\/p>\n<p>eu n\u00e3o vou dizer mais nada<\/p>\n<p>marias gerais<\/p>\n<p>emo\u00e7\u00e3o s\u00f3<\/p>\n<p>maring\u00e1<\/p>\n<p>bolero qualquer<\/p>\n<p>tudo nada<\/p>\n<p>lume<\/p>\n<p>saudade (belo horizonte)<\/p>\n<p>em nossas m\u00e3os<\/p>\n<p>samba da metade<\/p>\n<p>.<\/p>\n\n\n<p><\/p>\n","protected":false},"excerpt":{"rendered":"<p>Muito bom dia a todos, amigos cultos e ocultos! Temos hoje para o nosso toque musical mais um artista mineiro, o qual merece nosso destaque. Estou falando do Irineu, ou como hoje em dia assume, Irineu de Palmira. M\u00fasico nascido &hellip; <a href=\"https:\/\/www.toque-musicall.com\/?p=7910\">Continue lendo <span class=\"meta-nav\">&rarr;<\/span><\/a><\/p>\n","protected":false},"author":1,"featured_media":0,"comment_status":"closed","ping_status":"closed","sticky":false,"template":"","format":"standard","meta":{"footnotes":""},"categories":[3980,25],"tags":[4205,3017],"class_list":["post-7910","post","type-post","status-publish","format-standard","hentry","category-irineu-de-palmira","category-selo-independente","tag-irineu","tag-selo-independente"],"_links":{"self":[{"href":"https:\/\/www.toque-musicall.com\/index.php?rest_route=\/wp\/v2\/posts\/7910","targetHints":{"allow":["GET"]}}],"collection":[{"href":"https:\/\/www.toque-musicall.com\/index.php?rest_route=\/wp\/v2\/posts"}],"about":[{"href":"https:\/\/www.toque-musicall.com\/index.php?rest_route=\/wp\/v2\/types\/post"}],"author":[{"embeddable":true,"href":"https:\/\/www.toque-musicall.com\/index.php?rest_route=\/wp\/v2\/users\/1"}],"replies":[{"embeddable":true,"href":"https:\/\/www.toque-musicall.com\/index.php?rest_route=%2Fwp%2Fv2%2Fcomments&post=7910"}],"version-history":[{"count":1,"href":"https:\/\/www.toque-musicall.com\/index.php?rest_route=\/wp\/v2\/posts\/7910\/revisions"}],"predecessor-version":[{"id":7911,"href":"https:\/\/www.toque-musicall.com\/index.php?rest_route=\/wp\/v2\/posts\/7910\/revisions\/7911"}],"wp:attachment":[{"href":"https:\/\/www.toque-musicall.com\/index.php?rest_route=%2Fwp%2Fv2%2Fmedia&parent=7910"}],"wp:term":[{"taxonomy":"category","embeddable":true,"href":"https:\/\/www.toque-musicall.com\/index.php?rest_route=%2Fwp%2Fv2%2Fcategories&post=7910"},{"taxonomy":"post_tag","embeddable":true,"href":"https:\/\/www.toque-musicall.com\/index.php?rest_route=%2Fwp%2Fv2%2Ftags&post=7910"}],"curies":[{"name":"wp","href":"https:\/\/api.w.org\/{rel}","templated":true}]}}