{"id":7912,"date":"2020-10-22T11:40:00","date_gmt":"2020-10-22T14:40:00","guid":{"rendered":"http:\/\/www.toque-musicall.com\/?p=7912"},"modified":"2020-10-26T11:43:53","modified_gmt":"2020-10-26T14:43:53","slug":"minas-ao-luar-1988","status":"publish","type":"post","link":"https:\/\/www.toque-musicall.com\/?p=7912","title":{"rendered":"Minas Ao Luar (1988)"},"content":{"rendered":"\n<figure class=\"wp-block-image size-large\"><img decoding=\"async\" src=\"https:\/\/1.bp.blogspot.com\/-MDLxtZRwSMQ\/X5XeYIPBBQI\/AAAAAAAASRQ\/d67yQ53OzAsjsZwxzDoHIGOzNXAXEgwfgCLcBGAsYHQ\/w640-h638\/Anota%25C3%25A7%25C3%25A3o%2B2020-10-25%2B172037.jpg\" alt=\"\"\/><\/figure>\n\n\n\n<figure class=\"wp-block-image size-large\"><img decoding=\"async\" src=\"https:\/\/1.bp.blogspot.com\/-ffqsswuuwKw\/X5XeYWD822I\/AAAAAAAASRU\/GVk_bxpfXWoncdXPSq_iJVnizT2YfN_ugCLcBGAsYHQ\/w626-h640\/Anota%25C3%25A7%25C3%25A3o%2B2020-10-25%2B171913.jpg\" alt=\"\"\/><\/figure>\n\n\n<p>Boa tarde, amigos cultos e ocultos! Um dos eventos musicais mais tradicional em Minas Gerais, que creio eu, ainda existe \u00e9 o &#8220;Minas ao Luar&#8221;, promovido pelo Sesc\/MG. Trata-se de um projeto musical itinerante, que periodicamente percorria v\u00e1rias cidades mineiras levando grupos de artistas seresteiros para apresenta\u00e7\u00f5es em pra\u00e7as p\u00fablicas. Em Belo Horizonte eu tive a oportunidade de assistir v\u00e1rios e s\u00e3o realmente muito animados. Em 1988 os produtores lan\u00e7aram este lp, reunindo alguns de seus mais expressivos artistas e apresentando um repert\u00f3rio tradicional, bem conhecido do grande p\u00fablico. Quem gosta de seresta e serenatas, n\u00e3o pode perder esse toque musical. Confiram no GTM&#8230;.<\/p>\n<p>apresenta\u00e7\u00e3o de carlos felipe<\/p>\n<p>elvira escuta<\/p>\n<p>noite tristonha<\/p>\n<p>gondoleiro do amor<\/p>\n<p>sereno da madrugada<\/p>\n<p>guitarra de prata<\/p>\n<p>hino de minas gerais<\/p>\n<p>ave maria<\/p>\n<p>\u00faltima estrofe<\/p>\n<p>vivo a cantar<\/p>\n<p>o bardo<\/p>\n<p>.<\/p>\n\n\n<p><\/p>\n","protected":false},"excerpt":{"rendered":"<p>Boa tarde, amigos cultos e ocultos! Um dos eventos musicais mais tradicional em Minas Gerais, que creio eu, ainda existe \u00e9 o &#8220;Minas ao Luar&#8221;, promovido pelo Sesc\/MG. Trata-se de um projeto musical itinerante, que periodicamente percorria v\u00e1rias cidades mineiras &hellip; <a href=\"https:\/\/www.toque-musicall.com\/?p=7912\">Continue lendo <span class=\"meta-nav\">&rarr;<\/span><\/a><\/p>\n","protected":false},"author":1,"featured_media":0,"comment_status":"closed","ping_status":"closed","sticky":false,"template":"","format":"standard","meta":{"footnotes":""},"categories":[3982,25,1],"tags":[3981,3017],"class_list":["post-7912","post","type-post","status-publish","format-standard","hentry","category-minas-ao-luar","category-selo-independente","category-sem-categoria","tag-minas-ao-luar","tag-selo-independente"],"_links":{"self":[{"href":"https:\/\/www.toque-musicall.com\/index.php?rest_route=\/wp\/v2\/posts\/7912","targetHints":{"allow":["GET"]}}],"collection":[{"href":"https:\/\/www.toque-musicall.com\/index.php?rest_route=\/wp\/v2\/posts"}],"about":[{"href":"https:\/\/www.toque-musicall.com\/index.php?rest_route=\/wp\/v2\/types\/post"}],"author":[{"embeddable":true,"href":"https:\/\/www.toque-musicall.com\/index.php?rest_route=\/wp\/v2\/users\/1"}],"replies":[{"embeddable":true,"href":"https:\/\/www.toque-musicall.com\/index.php?rest_route=%2Fwp%2Fv2%2Fcomments&post=7912"}],"version-history":[{"count":1,"href":"https:\/\/www.toque-musicall.com\/index.php?rest_route=\/wp\/v2\/posts\/7912\/revisions"}],"predecessor-version":[{"id":7913,"href":"https:\/\/www.toque-musicall.com\/index.php?rest_route=\/wp\/v2\/posts\/7912\/revisions\/7913"}],"wp:attachment":[{"href":"https:\/\/www.toque-musicall.com\/index.php?rest_route=%2Fwp%2Fv2%2Fmedia&parent=7912"}],"wp:term":[{"taxonomy":"category","embeddable":true,"href":"https:\/\/www.toque-musicall.com\/index.php?rest_route=%2Fwp%2Fv2%2Fcategories&post=7912"},{"taxonomy":"post_tag","embeddable":true,"href":"https:\/\/www.toque-musicall.com\/index.php?rest_route=%2Fwp%2Fv2%2Ftags&post=7912"}],"curies":[{"name":"wp","href":"https:\/\/api.w.org\/{rel}","templated":true}]}}