{"id":7918,"date":"2020-10-25T08:57:00","date_gmt":"2020-10-25T11:57:00","guid":{"rendered":"http:\/\/www.toque-musicall.com\/?p=7918"},"modified":"2020-10-27T18:12:14","modified_gmt":"2020-10-27T21:12:14","slug":"mineirao-e-os-gerais-meu-cantinho-de-morar-1988","status":"publish","type":"post","link":"https:\/\/www.toque-musicall.com\/?p=7918","title":{"rendered":"Mineir\u00e3o E Os Gerais &#8211; Meu Cantinho De Morar (1988)"},"content":{"rendered":"\n<figure class=\"wp-block-image size-large\"><img decoding=\"async\" src=\"https:\/\/1.bp.blogspot.com\/-kWm5KAIHTow\/X5f9sIOtjPI\/AAAAAAAASSU\/6ma3y2mhAjw5bMJ9NsbLLGwFMKCn6aICACLcBGAsYHQ\/w638-h640\/Anota%25C3%25A7%25C3%25A3o%2B2020-10-27%2B075716.jpg\" alt=\"\"\/><\/figure>\n\n\n\n<figure class=\"wp-block-image size-large\"><img decoding=\"async\" src=\"https:\/\/1.bp.blogspot.com\/-vEVieH9LuPM\/X5f918hTyjI\/AAAAAAAASSg\/F0cpiORppLoX91w9gye2kBI4Y0IV9yr3QCLcBGAsYHQ\/w636-h640\/Anota%25C3%25A7%25C3%25A3o%2B2020-10-27%2B075637.jpg\" alt=\"\"\/><\/figure>\n\n\n<p>Bom dia a todos amigos cultos e ocultos! Hoje o nosso toque musical vai para este obscuro disquinho que encontrei recentemente na sele\u00e7\u00e3o de m\u00fasicos mineiros da Discoteca P\u00fablica. Achei a capa curiosa, um tanto parecida com disco infantil, mas n\u00e3o tem nada a ver. Trata-se de um artista independente, Carlos H. de Ara\u00fajo, conhecido como Mineir\u00e3o. Ao que tudo indica ele deve ser um artista do Triangulo Mineiro, pois no lp a \u00fanica referencia que temos \u00e9 a cidade de Uberl\u00e2ndia. Ali\u00e1s, refer\u00eancia \u00e9 o que falta, n\u00e3o consegui achar nada na internet sobre este artista. At\u00e9 mesmo a contracapa n\u00e3o nos d\u00e1 muitos detalhes. Mas, enfim, isso para o momento pouco importa, vamos nos focar aqui apenas na sua m\u00fasica, um trabalho singelo e gostoso de ouvir. S\u00e3o nove m\u00fasicas, todas autorais. Uma sonoridade bem mineira e que agrada com facilidade. Por certo o nosso p\u00fablico vai gostar. \u00c9 s\u00f3 conferir no GTM&#8230;<\/p>\n<p>d\u00f4 de canta d\u00f4<\/p>\n<p>menino cantador<\/p>\n<p>meu cantinho de morar<\/p>\n<p>trem\u00a0<\/p>\n<p>am\u00e9rica<\/p>\n<p>caminhos<\/p>\n<p>mariana<\/p>\n<p>araponga<\/p>\n<p>moreninha<\/p>\n<p>.<\/p>\n\n\n<p><\/p>\n","protected":false},"excerpt":{"rendered":"<p>Bom dia a todos amigos cultos e ocultos! Hoje o nosso toque musical vai para este obscuro disquinho que encontrei recentemente na sele\u00e7\u00e3o de m\u00fasicos mineiros da Discoteca P\u00fablica. Achei a capa curiosa, um tanto parecida com disco infantil, mas &hellip; <a href=\"https:\/\/www.toque-musicall.com\/?p=7918\">Continue lendo <span class=\"meta-nav\">&rarr;<\/span><\/a><\/p>\n","protected":false},"author":1,"featured_media":0,"comment_status":"closed","ping_status":"closed","sticky":false,"template":"","format":"standard","meta":{"footnotes":""},"categories":[3988,2849],"tags":[3992,3987],"class_list":["post-7918","post","type-post","status-publish","format-standard","hentry","category-mineirao-e-os-gerais","category-selo-arca","tag-mineirao-e-os-gerais","tag-selo-arca"],"_links":{"self":[{"href":"https:\/\/www.toque-musicall.com\/index.php?rest_route=\/wp\/v2\/posts\/7918","targetHints":{"allow":["GET"]}}],"collection":[{"href":"https:\/\/www.toque-musicall.com\/index.php?rest_route=\/wp\/v2\/posts"}],"about":[{"href":"https:\/\/www.toque-musicall.com\/index.php?rest_route=\/wp\/v2\/types\/post"}],"author":[{"embeddable":true,"href":"https:\/\/www.toque-musicall.com\/index.php?rest_route=\/wp\/v2\/users\/1"}],"replies":[{"embeddable":true,"href":"https:\/\/www.toque-musicall.com\/index.php?rest_route=%2Fwp%2Fv2%2Fcomments&post=7918"}],"version-history":[{"count":1,"href":"https:\/\/www.toque-musicall.com\/index.php?rest_route=\/wp\/v2\/posts\/7918\/revisions"}],"predecessor-version":[{"id":7919,"href":"https:\/\/www.toque-musicall.com\/index.php?rest_route=\/wp\/v2\/posts\/7918\/revisions\/7919"}],"wp:attachment":[{"href":"https:\/\/www.toque-musicall.com\/index.php?rest_route=%2Fwp%2Fv2%2Fmedia&parent=7918"}],"wp:term":[{"taxonomy":"category","embeddable":true,"href":"https:\/\/www.toque-musicall.com\/index.php?rest_route=%2Fwp%2Fv2%2Fcategories&post=7918"},{"taxonomy":"post_tag","embeddable":true,"href":"https:\/\/www.toque-musicall.com\/index.php?rest_route=%2Fwp%2Fv2%2Ftags&post=7918"}],"curies":[{"name":"wp","href":"https:\/\/api.w.org\/{rel}","templated":true}]}}