{"id":792,"date":"2010-07-06T11:33:00","date_gmt":"2010-07-06T11:33:00","guid":{"rendered":"http:\/\/www.toque-musicall.com\/?p=792"},"modified":"2020-06-27T23:47:46","modified_gmt":"2020-06-28T02:47:46","slug":"grupo-fundo-de-quintal-o-mapa-da-mina-1986","status":"publish","type":"post","link":"https:\/\/www.toque-musicall.com\/?p=792","title":{"rendered":"Grupo Fundo De Quintal &#8211; O Mapa Da Mina (1986)"},"content":{"rendered":"<p><a href=\"http:\/\/4.bp.blogspot.com\/_DSKVEvHtskc\/TDMU_s3gvtI\/AAAAAAAAGvA\/3aKXKAQQ95I\/s1600\/Fundo+de+Quintal+P.JPG\"><img decoding=\"async\" id=\"BLOGGER_PHOTO_ID_5490755455303073490\" style=\"text-align: center; margin: 0px auto 10px; width: 400px; display: block; height: 400px; cursor: hand;\" src=\"http:\/\/4.bp.blogspot.com\/_DSKVEvHtskc\/TDMU_s3gvtI\/AAAAAAAAGvA\/3aKXKAQQ95I\/s400\/Fundo+de+Quintal+P.JPG\" alt=\"\" border=\"0\" \/><\/a> Ol\u00e1 amigos cultos e ocultos. Vamos com o Grupo Fundo de Quintal e seu \u00e1lbum &#8220;O mapa da mina&#8221;, lan\u00e7ado em 1986. Eu sou do tipo que desconfia do samba de uns 30 anos pra c\u00e1. Desde que o samba de partido alto virou pagode e que o pagode virou sab\u00e3o (eu disse sab\u00e3o e n\u00e3o samb\u00e3o). O fato \u00e9 que como j\u00e1 dizia uma m\u00fasica, &#8220;o samba deixou de ser uma m\u00fasica negra&#8230; o samba passou a ser m\u00fasica de gente &#8216;sastisfeita&#8217;. Entre as exce\u00e7\u00f5es, felizmente, existem coisas boas como o Grupo Fundo de Quintal. A gente pode at\u00e9 n\u00e3o conhecer o disco e os artistas, mas se tem a assinatura do Rildo Hora, podemos ter certeza de que \u00e9 coisa boa. Confiram&#8230;<\/p>\n<div align=\"center\">sele\u00e7\u00e3o de pagodes:<\/div>\n<div align=\"center\"><em>chu\u00e1 chu\u00e1<\/em><\/div>\n<div align=\"center\"><em>fui passear no norte<\/em><\/div>\n<div align=\"center\"><em>moem\u00e1 morenou<\/em><\/div>\n<div align=\"center\"><em>baiana serrana<\/em><\/div>\n<div align=\"center\"><em>serei teu i\u00f4 i\u00f4<\/em><\/div>\n<div align=\"center\"><em>nem l\u00e1 nem c\u00e1<\/em><\/div>\n<div align=\"center\">s\u00f3 pra contrariar<\/div>\n<div align=\"center\">\u00f4 irene<\/div>\n<div align=\"center\">o mapa da mina<\/div>\n<div align=\"center\">no calor dos sal\u00f5es<\/div>\n<div align=\"center\">nem l\u00e1 nem c\u00e1<\/div>\n<div align=\"center\">sorriu pra mim<\/div>\n<div align=\"center\">receita da sorte<\/div>\n<div align=\"center\">primeira dama<\/div>\n<div align=\"center\">cansei de esperar voc\u00ea<\/div>\n<div align=\"center\">for\u00e7a, f\u00e9 e ra\u00edz<\/div>\n<div align=\"center\">mais uma aventura<\/div>\n<div align=\"center\"><\/div>\n<div align=\"center\">.<\/div>\n","protected":false},"excerpt":{"rendered":"<p>Ol\u00e1 amigos cultos e ocultos. Vamos com o Grupo Fundo de Quintal e seu \u00e1lbum &#8220;O mapa da mina&#8221;, lan\u00e7ado em 1986. Eu sou do tipo que desconfia do samba de uns 30 anos pra c\u00e1. Desde que o samba &hellip; <a href=\"https:\/\/www.toque-musicall.com\/?p=792\">Continue lendo <span class=\"meta-nav\">&rarr;<\/span><\/a><\/p>\n","protected":false},"author":1,"featured_media":0,"comment_status":"open","ping_status":"closed","sticky":false,"template":"","format":"standard","meta":{"footnotes":""},"categories":[1078,153],"tags":[3726,3091],"class_list":["post-792","post","type-post","status-publish","format-standard","hentry","category-grupo-fundo-de-quintal","category-selo-rge","tag-grupo-fundo-de-quintal","tag-selo-rge"],"_links":{"self":[{"href":"https:\/\/www.toque-musicall.com\/index.php?rest_route=\/wp\/v2\/posts\/792","targetHints":{"allow":["GET"]}}],"collection":[{"href":"https:\/\/www.toque-musicall.com\/index.php?rest_route=\/wp\/v2\/posts"}],"about":[{"href":"https:\/\/www.toque-musicall.com\/index.php?rest_route=\/wp\/v2\/types\/post"}],"author":[{"embeddable":true,"href":"https:\/\/www.toque-musicall.com\/index.php?rest_route=\/wp\/v2\/users\/1"}],"replies":[{"embeddable":true,"href":"https:\/\/www.toque-musicall.com\/index.php?rest_route=%2Fwp%2Fv2%2Fcomments&post=792"}],"version-history":[{"count":1,"href":"https:\/\/www.toque-musicall.com\/index.php?rest_route=\/wp\/v2\/posts\/792\/revisions"}],"predecessor-version":[{"id":7564,"href":"https:\/\/www.toque-musicall.com\/index.php?rest_route=\/wp\/v2\/posts\/792\/revisions\/7564"}],"wp:attachment":[{"href":"https:\/\/www.toque-musicall.com\/index.php?rest_route=%2Fwp%2Fv2%2Fmedia&parent=792"}],"wp:term":[{"taxonomy":"category","embeddable":true,"href":"https:\/\/www.toque-musicall.com\/index.php?rest_route=%2Fwp%2Fv2%2Fcategories&post=792"},{"taxonomy":"post_tag","embeddable":true,"href":"https:\/\/www.toque-musicall.com\/index.php?rest_route=%2Fwp%2Fv2%2Ftags&post=792"}],"curies":[{"name":"wp","href":"https:\/\/api.w.org\/{rel}","templated":true}]}}