{"id":7925,"date":"2020-10-28T07:06:33","date_gmt":"2020-10-28T10:06:33","guid":{"rendered":"http:\/\/www.toque-musicall.com\/?p=7925"},"modified":"2020-10-28T07:10:39","modified_gmt":"2020-10-28T10:10:39","slug":"adauto-santos-triste-berrante-1978","status":"publish","type":"post","link":"https:\/\/www.toque-musicall.com\/?p=7925","title":{"rendered":"Adauto Santos &#8211; Triste Berrante (1978)"},"content":{"rendered":"\n<figure class=\"wp-block-image size-large\"><img decoding=\"async\" src=\"https:\/\/1.bp.blogspot.com\/-GfNNyDM62gM\/X5k8RKVnOeI\/AAAAAAAASTs\/YwnWTFVsrmQic8ZKmwsptOfjwMAbjOHywCLcBGAsYHQ\/w640-h640\/R-9035958-1473651930-1960.jpeg.jpg\" alt=\"\"\/><\/figure>\n\n\n\n<figure class=\"wp-block-image size-large\"><img decoding=\"async\" src=\"https:\/\/1.bp.blogspot.com\/-Hy-IBNbAjEw\/X5k8csLBaJI\/AAAAAAAASTw\/23tfd6bKrFIO1qENziYhcqmEEqiaWe-NQCLcBGAsYHQ\/w640-h634\/lp-vinil-adauto-santostriste-berrante1978-arlequim-D_NQ_NP_905683-MLB25735593804_072017-F.jpg\" alt=\"\"\/><\/figure>\n\n\n<div>Bom dia, amigos cultos e ocultos! Marcando presen\u00e7a mais uma vez aqui no Toque Musical, temos hoje este grande artista da m\u00fasica brasileira, Adauto Santos, compositor, cantor e violeiro. Foi um artista que atuou dos anos 60 at\u00e9 os 90, Autor de grandes sucessos como &#8220;Deita em meus bra\u00e7os&#8221;, &#8220;N\u00e3o me esquecerei de ti&#8221;. Tamb\u00e9m, ao lado do parceiro Jo\u00e3o Pac\u00edfico comp\u00f4s &#8220;Homenagem da montanha&#8221;, &#8220;Juca&#8221; e &#8220;Vontade de voltar&#8221;, al\u00e9m de outros sucessos. Aqui, neste lp, lan\u00e7ado originalmente em 1978 pelo selo Arlequim e que voltaria nos anos 80 a ser relan\u00e7ado temos outros sucessos como &#8220;Triste berrante&#8221;, m\u00fasica que d\u00e1 nome ao disco. A\u00ed est\u00e1 um trabalho bem bonito, com participa\u00e7\u00e3o do grupo Bando Macambira. Confiram j\u00e1, no GTM&#8230;.<\/div>\n<div>\u00a0<\/div>\n<div>triste berrante<\/div>\n<div>caminhante do universo<\/div>\n<div>devo\u00e7\u00e3o<\/div>\n<div>flor do cafezal<\/div>\n<div>pousada<\/div>\n<div>jo\u00e3o pretinho<\/div>\n<div>adeus viola<\/div>\n<div>doce de cidra<\/div>\n<div>cantiga a moda mineira<\/div>\n<div>vento bateu<\/div>\n<div>o baile<\/div>\n<div>anoitecer na quaresma<\/div>\n<div>\u00a0<\/div>\n<div>.<\/div>\n\n\n<p><\/p>\n","protected":false},"excerpt":{"rendered":"<p>Bom dia, amigos cultos e ocultos! Marcando presen\u00e7a mais uma vez aqui no Toque Musical, temos hoje este grande artista da m\u00fasica brasileira, Adauto Santos, compositor, cantor e violeiro. Foi um artista que atuou dos anos 60 at\u00e9 os 90, &hellip; <a href=\"https:\/\/www.toque-musicall.com\/?p=7925\">Continue lendo <span class=\"meta-nav\">&rarr;<\/span><\/a><\/p>\n","protected":false},"author":1,"featured_media":0,"comment_status":"closed","ping_status":"closed","sticky":false,"template":"","format":"standard","meta":{"footnotes":""},"categories":[1705,3995],"tags":[3997,3996],"class_list":["post-7925","post","type-post","status-publish","format-standard","hentry","category-adauto-santos","category-selo-alerquim","tag-adauto-santos","tag-selo-arlequim"],"_links":{"self":[{"href":"https:\/\/www.toque-musicall.com\/index.php?rest_route=\/wp\/v2\/posts\/7925","targetHints":{"allow":["GET"]}}],"collection":[{"href":"https:\/\/www.toque-musicall.com\/index.php?rest_route=\/wp\/v2\/posts"}],"about":[{"href":"https:\/\/www.toque-musicall.com\/index.php?rest_route=\/wp\/v2\/types\/post"}],"author":[{"embeddable":true,"href":"https:\/\/www.toque-musicall.com\/index.php?rest_route=\/wp\/v2\/users\/1"}],"replies":[{"embeddable":true,"href":"https:\/\/www.toque-musicall.com\/index.php?rest_route=%2Fwp%2Fv2%2Fcomments&post=7925"}],"version-history":[{"count":1,"href":"https:\/\/www.toque-musicall.com\/index.php?rest_route=\/wp\/v2\/posts\/7925\/revisions"}],"predecessor-version":[{"id":7926,"href":"https:\/\/www.toque-musicall.com\/index.php?rest_route=\/wp\/v2\/posts\/7925\/revisions\/7926"}],"wp:attachment":[{"href":"https:\/\/www.toque-musicall.com\/index.php?rest_route=%2Fwp%2Fv2%2Fmedia&parent=7925"}],"wp:term":[{"taxonomy":"category","embeddable":true,"href":"https:\/\/www.toque-musicall.com\/index.php?rest_route=%2Fwp%2Fv2%2Fcategories&post=7925"},{"taxonomy":"post_tag","embeddable":true,"href":"https:\/\/www.toque-musicall.com\/index.php?rest_route=%2Fwp%2Fv2%2Ftags&post=7925"}],"curies":[{"name":"wp","href":"https:\/\/api.w.org\/{rel}","templated":true}]}}