{"id":793,"date":"2010-07-05T11:01:00","date_gmt":"2010-07-05T11:01:00","guid":{"rendered":"http:\/\/www.toque-musicall.com\/?p=793"},"modified":"2010-07-05T11:01:00","modified_gmt":"2010-07-05T11:01:00","slug":"pixinguinha-e-sua-banda-1957","status":"publish","type":"post","link":"https:\/\/www.toque-musicall.com\/?p=793","title":{"rendered":"Pixinguinha E Sua Banda (1957)"},"content":{"rendered":"<p><a href=\"http:\/\/4.bp.blogspot.com\/_DSKVEvHtskc\/TDG7tG2gp5I\/AAAAAAAAGu0\/1OzprnvGQro\/s1600\/pixinguinha+P.JPG\"><img decoding=\"async\" style=\"TEXT-ALIGN: center; MARGIN: 0px auto 10px; WIDTH: 400px; DISPLAY: block; HEIGHT: 394px; CURSOR: hand\" id=\"BLOGGER_PHOTO_ID_5490375804349097874\" border=\"0\" alt=\"\" src=\"http:\/\/4.bp.blogspot.com\/_DSKVEvHtskc\/TDG7tG2gp5I\/AAAAAAAAGu0\/1OzprnvGQro\/s400\/pixinguinha+P.JPG\" \/><\/a> Bom dia, amigos cultos e ocultos! Antes de retomarmos com o samba, me lembrei de um disquinho que faltou em nossa celebra\u00e7\u00e3o das festas de S\u00e3o Jo\u00e3o. Embora j\u00e1 tenhamos entrado em julho, ainda assim h\u00e1 lugares no Brasil onde festas dessa natureza continuam acontecendo. Mesmo assim, independente de qualquer coisa, o que temos aqui \u00e9 Pixinguinha. Seja no choro, no samba, no carnaval ou festa junina, o importante \u00e9 que quem est\u00e1 na roda \u00e9 essa ilustr\u00edssima figura e em um de seus discos dos mais raros. Neste \u00e1lbum encontramos Pixinguinha e a sua banda tocando exclusivamente m\u00fasicas para festas juninas. Est\u00e3o reunidos aqui todos os cl\u00e1ssicos da festa na ro\u00e7a. A qualidade de som do disco, mesmo sendo um RCA Victor, fica um pouco a desejar, devido ao tempo e ao estado cr\u00edtico da bolacha. Mesmo assim, fiz um esfor\u00e7o enorme para melhor\u00e1-lo e acho que est\u00e1 apresent\u00e1vel. A capa tamb\u00e9m estava num estado deplor\u00e1vel. Cheguei at\u00e9 a dar um trato &#8216;de leve&#8217;, mas como no som, ainda se pode melhorar mais. Deixo essa para voc\u00eas, perfeccionistas de plant\u00e3o.<br \/>Em agosto, m\u00eas de anivers\u00e1rio de Pixinguinha, pretendo fazer uma postagem especial dedicada a ele. J\u00e1 tenho at\u00e9 o disco pronto. Quem gosta, fique ligado no toque. \ud83d\ude09<\/p>\n<div align=\"center\">pula fogueira<\/div>\n<div align=\"center\">fale na orelhinha de c\u00e1<\/div>\n<div align=\"center\">tentei fazer mais um bal\u00e3o<\/div>\n<div align=\"center\">baile na ro\u00e7a<\/div>\n<div align=\"center\">cai cai bal\u00e3o<\/div>\n<div align=\"center\">o casamento da filha do thomaz<\/div>\n<div align=\"center\">o delegado quer prender o antonio<\/div>\n<div align=\"center\">chegou a hora da fogueira<\/div>\n<div align=\"center\">dia dos namorados<\/div>\n<div align=\"center\">pedro, antonio e jo\u00e3o<\/div>\n<div align=\"center\">l\u00e1 vem a rita<\/div>\n<div align=\"center\">isto \u00e9 la\u00b4com santo antonio<\/div>\n<div align=\"center\"><\/div>\n<div align=\"center\"><\/div>\n","protected":false},"excerpt":{"rendered":"<p>Bom dia, amigos cultos e ocultos! Antes de retomarmos com o samba, me lembrei de um disquinho que faltou em nossa celebra\u00e7\u00e3o das festas de S\u00e3o Jo\u00e3o. Embora j\u00e1 tenhamos entrado em julho, ainda assim h\u00e1 lugares no Brasil onde &hellip; <a href=\"https:\/\/www.toque-musicall.com\/?p=793\">Continue lendo <span class=\"meta-nav\">&rarr;<\/span><\/a><\/p>\n","protected":false},"author":1,"featured_media":0,"comment_status":"open","ping_status":"closed","sticky":false,"template":"","format":"standard","meta":{"footnotes":""},"categories":[122],"tags":[],"class_list":["post-793","post","type-post","status-publish","format-standard","hentry","category-pixinguinha"],"_links":{"self":[{"href":"https:\/\/www.toque-musicall.com\/index.php?rest_route=\/wp\/v2\/posts\/793","targetHints":{"allow":["GET"]}}],"collection":[{"href":"https:\/\/www.toque-musicall.com\/index.php?rest_route=\/wp\/v2\/posts"}],"about":[{"href":"https:\/\/www.toque-musicall.com\/index.php?rest_route=\/wp\/v2\/types\/post"}],"author":[{"embeddable":true,"href":"https:\/\/www.toque-musicall.com\/index.php?rest_route=\/wp\/v2\/users\/1"}],"replies":[{"embeddable":true,"href":"https:\/\/www.toque-musicall.com\/index.php?rest_route=%2Fwp%2Fv2%2Fcomments&post=793"}],"version-history":[{"count":0,"href":"https:\/\/www.toque-musicall.com\/index.php?rest_route=\/wp\/v2\/posts\/793\/revisions"}],"wp:attachment":[{"href":"https:\/\/www.toque-musicall.com\/index.php?rest_route=%2Fwp%2Fv2%2Fmedia&parent=793"}],"wp:term":[{"taxonomy":"category","embeddable":true,"href":"https:\/\/www.toque-musicall.com\/index.php?rest_route=%2Fwp%2Fv2%2Fcategories&post=793"},{"taxonomy":"post_tag","embeddable":true,"href":"https:\/\/www.toque-musicall.com\/index.php?rest_route=%2Fwp%2Fv2%2Ftags&post=793"}],"curies":[{"name":"wp","href":"https:\/\/api.w.org\/{rel}","templated":true}]}}