{"id":7936,"date":"2020-11-01T20:05:32","date_gmt":"2020-11-01T23:05:32","guid":{"rendered":"http:\/\/www.toque-musicall.com\/?p=7936"},"modified":"2020-12-08T20:28:17","modified_gmt":"2020-12-08T23:28:17","slug":"amarante-e-amarai-1971","status":"publish","type":"post","link":"https:\/\/www.toque-musicall.com\/?p=7936","title":{"rendered":"Amarante E Amara\u00ed (1971)"},"content":{"rendered":"\n<figure class=\"wp-block-image size-large\"><img decoding=\"async\" src=\"https:\/\/1.bp.blogspot.com\/-UoO7bXZgXQM\/X581TZ0Tb6I\/AAAAAAAASVA\/XLGNs4VmEMw8kKF277jWGj0hJXd9WhNfQCLcBGAsYHQ\/w624-h640\/Anota%25C3%25A7%25C3%25A3o%2B2020-11-01%2B185912.jpg\" alt=\"\"\/><\/figure>\n\n\n\n<figure class=\"wp-block-image size-large\"><img decoding=\"async\" src=\"https:\/\/1.bp.blogspot.com\/-YXjB1CQz1ew\/X581SIOkL9I\/AAAAAAAASU8\/7no4y_SeILYe-5a_GwEXuoYS3cGY0xcRQCLcBGAsYHQ\/w640-h632\/Anota%25C3%25A7%25C3%25A3o%2B2020-11-01%2B185844.jpg\" alt=\"\"\/><\/figure>\n\n\n<p>Boa noite, companheiros, amigos cultos e ocultos! Neste doming\u00e3o vamos de m\u00fasica sertaneja, que tamb\u00e9m d\u00e1 muito ibope :). Tenho aqui para voc\u00eas o \u00fanico disco da dupla Amarante e Amara\u00ed, lan\u00e7ado em 1971 pelo selo RCA. Considerado um dos cl\u00e1ssicos da m\u00fasica sertaneja, muito por conta de Amara\u00ed (Domingos Sabino da Cunha) que trazia uma respeit\u00e1vel trajet\u00f3ria, quando ent\u00e3o, nos anos 60 era dupla com Belmonte. Belmonte &amp; Amara\u00ed foi uma das mais importantes duplas sertanejas daquela d\u00e9cada e considerada por muitos como precursores da moderna m\u00fasica sertaneja, por conta da inser\u00e7\u00e3o de instrumentos musicais que n\u00e3o eram comuns na m\u00fasica sertaneja, tipo harpa paraguaia, bong\u00f4, piano e sopros&#8230; Amara\u00ed ao lado de Belmonte gravaram dezenas de discos. Por\u00e9m, tanto Amara\u00ed como Belmonte gravavam separados ou em outras duplas e foi numa dessas que surgiu em um \u00fanico ato Amarante e Amara\u00ed. O disco \u00e9 hoje uma refer\u00eancia, um cl\u00e1ssico para os sertanejos. Amantes do g\u00eanero por certo ir\u00e3o aplaudir.\u00a0<\/p>\n<p>cavalo branco<\/p>\n<p>t\u00e3o belo era outrora<\/p>\n<p>que sejas feliz<\/p>\n<p>boa noite amor<\/p>\n<p>li\u00e7\u00e3o de caboclo<\/p>\n<p>gosto s\u00f3 de ti<\/p>\n<p>cavalinho de pau<\/p>\n<p>o quanto eu te quero<\/p>\n<p>adeus mariquita linda<\/p>\n<p>valsa da despedida<\/p>\n<p>morrendo de amor<\/p>\n<p>luz do meu viver<\/p>\n<p>.<\/p>\n\n\n<p><\/p>\n","protected":false},"excerpt":{"rendered":"<p>Boa noite, companheiros, amigos cultos e ocultos! Neste doming\u00e3o vamos de m\u00fasica sertaneja, que tamb\u00e9m d\u00e1 muito ibope :). Tenho aqui para voc\u00eas o \u00fanico disco da dupla Amarante e Amara\u00ed, lan\u00e7ado em 1971 pelo selo RCA. Considerado um dos &hellip; <a href=\"https:\/\/www.toque-musicall.com\/?p=7936\">Continue lendo <span class=\"meta-nav\">&rarr;<\/span><\/a><\/p>\n","protected":false},"author":1,"featured_media":0,"comment_status":"closed","ping_status":"closed","sticky":false,"template":"","format":"standard","meta":{"footnotes":""},"categories":[4011,277],"tags":[4084,3204],"class_list":["post-7936","post","type-post","status-publish","format-standard","hentry","category-amarante-e-amarai","category-selo-rca-camden","tag-amarante-amari-1971","tag-selo-rca-camden"],"_links":{"self":[{"href":"https:\/\/www.toque-musicall.com\/index.php?rest_route=\/wp\/v2\/posts\/7936","targetHints":{"allow":["GET"]}}],"collection":[{"href":"https:\/\/www.toque-musicall.com\/index.php?rest_route=\/wp\/v2\/posts"}],"about":[{"href":"https:\/\/www.toque-musicall.com\/index.php?rest_route=\/wp\/v2\/types\/post"}],"author":[{"embeddable":true,"href":"https:\/\/www.toque-musicall.com\/index.php?rest_route=\/wp\/v2\/users\/1"}],"replies":[{"embeddable":true,"href":"https:\/\/www.toque-musicall.com\/index.php?rest_route=%2Fwp%2Fv2%2Fcomments&post=7936"}],"version-history":[{"count":1,"href":"https:\/\/www.toque-musicall.com\/index.php?rest_route=\/wp\/v2\/posts\/7936\/revisions"}],"predecessor-version":[{"id":7937,"href":"https:\/\/www.toque-musicall.com\/index.php?rest_route=\/wp\/v2\/posts\/7936\/revisions\/7937"}],"wp:attachment":[{"href":"https:\/\/www.toque-musicall.com\/index.php?rest_route=%2Fwp%2Fv2%2Fmedia&parent=7936"}],"wp:term":[{"taxonomy":"category","embeddable":true,"href":"https:\/\/www.toque-musicall.com\/index.php?rest_route=%2Fwp%2Fv2%2Fcategories&post=7936"},{"taxonomy":"post_tag","embeddable":true,"href":"https:\/\/www.toque-musicall.com\/index.php?rest_route=%2Fwp%2Fv2%2Ftags&post=7936"}],"curies":[{"name":"wp","href":"https:\/\/api.w.org\/{rel}","templated":true}]}}