{"id":794,"date":"2010-07-04T11:49:00","date_gmt":"2010-07-04T11:49:00","guid":{"rendered":"http:\/\/www.toque-musicall.com\/?p=794"},"modified":"2010-07-04T11:49:00","modified_gmt":"2010-07-04T11:49:00","slug":"abilio-manoel-1968","status":"publish","type":"post","link":"https:\/\/www.toque-musicall.com\/?p=794","title":{"rendered":"Ab\u00edlio Manoel (1968)"},"content":{"rendered":"<p><a href=\"http:\/\/3.bp.blogspot.com\/_DSKVEvHtskc\/TDB1rsCiu_I\/AAAAAAAAGuo\/_qj34laEf6Y\/s1600\/Abilio+P.JPG\"><img decoding=\"async\" style=\"TEXT-ALIGN: center; MARGIN: 0px auto 10px; WIDTH: 400px; DISPLAY: block; HEIGHT: 400px; CURSOR: hand\" id=\"BLOGGER_PHOTO_ID_5490017339181284338\" border=\"0\" alt=\"\" src=\"http:\/\/3.bp.blogspot.com\/_DSKVEvHtskc\/TDB1rsCiu_I\/AAAAAAAAGuo\/_qj34laEf6Y\/s400\/Abilio+P.JPG\" \/><\/a> Ol\u00e1s! Eu estava pensando em estender por mais alguns dias as minhas postagens de discos de samba. Mas hoje, especialmente, quero prestar aqui a minha homenagem ao artista Ab\u00edlio Manoel, que faleceu na \u00faltima ter\u00e7a feira, dia 29 de junho. O cantor do sucesso &#8220;Pena verde&#8221; morreu v\u00edtima de um enfarto, prematuramente aos 63 anos de idade. Fiquei duplamente espantado, porque al\u00e9m de um falecimento, que sempre pega a gente de surpresa, n\u00e3o vi nos jornais quase nada sobre o ocorrido. Suponho que a preocupa\u00e7\u00e3o com a Copa do Mundo, ofuscou qualquer outra not\u00edcia. Ab\u00edlio Manoel era portugu\u00eas, mas radicado no Brasil. Iniciou sua carreira musical nos anos 60. Era estudante de F\u00edsica na USP e participava dos mais diversos shows universit\u00e1rios promovidos no Campus. Em 1967 ele &#8216;papou&#8217; o pr\u00eamio de melhor compositor no &#8220;I Festival Latino Americano de La Canci\u00f3n Americana&#8221;, em Santiago (Chile), com a can\u00e7\u00e3o &#8220;Minha rua&#8221;. Gra\u00e7as a premia\u00e7\u00e3o neste festival, as portas come\u00e7aram a se abrir para ele. Primeiro na televis\u00e3o, onde se apresentou no programa da Hebe Camargo e consequentemente depois disso conseguiu gravar seu primeiro disco pela gravadora Odeon. Assim como Taiguara, Ab\u00edlio foi um ganhador de festivais, faturou diversos at\u00e9 o in\u00edcio dos anos 70. Gravou ao longo de sua carreira uma dezena de discos e compactos. Suas m\u00fasicas tamb\u00e9m foram gravadas por diversos artistas. Seus maiores sucessos, al\u00e9m de &#8220;Minha rua&#8221; e &#8220;Pena verde&#8221; s\u00e3o &#8220;Andr\u00e9a&#8221; e Luiza manequim&#8221;. Ab\u00edlio tamb\u00e9m era radialista, publicit\u00e1rio (compondo jingles) e cineasta. Acredito que agora, ap\u00f3s a sua morte, seu nome e sua obra passem a ser mais conhecidos e reconhecidos.<br \/>Segue ent\u00e3o nesta postagem o seu primeiro disco, o que traz a m\u00fasica que lhe deu asas, &#8220;Minha rua&#8221;. O disco foi produzido por Milton Miranda e a dire\u00e7\u00e3o musical \u00e9 de Lyrio Panicali. A reg\u00eancia e orquestra\u00e7\u00e3o \u00e9 de Edmundo Peruzzi. Sem d\u00favida um \u00e1lbum muito bem produzido para um artista iniciante, onde todas as faixas s\u00e3o de sua pr\u00f3pria autoria. E assim como a m\u00fasica vencedora, que abre o disco, todas as demais n\u00e3o fica para tr\u00e1s. Um bom e raro disco! Confiram&#8230;<\/p>\n<div align=\"center\">minha rua<\/div>\n<div align=\"center\">espera, perd\u00e3o e jura<\/div>\n<div align=\"center\">um sonho&#8230; uma morena<\/div>\n<div align=\"center\">seu guarda<\/div>\n<div align=\"center\">o trem<\/div>\n<div align=\"center\">chorinho sem nome<\/div>\n<div align=\"center\">hoje&#8230; uma seresta<\/div>\n<div align=\"center\">glorinha<\/div>\n<div align=\"center\">modinha da menina minha<\/div>\n<div align=\"center\">tanta demora<\/div>\n<div align=\"center\">angela<\/div>\n<div align=\"center\">tanto de maria<\/div>\n<div align=\"center\"> <\/div>\n<div align=\"center\"> <\/div>\n","protected":false},"excerpt":{"rendered":"<p>Ol\u00e1s! Eu estava pensando em estender por mais alguns dias as minhas postagens de discos de samba. Mas hoje, especialmente, quero prestar aqui a minha homenagem ao artista Ab\u00edlio Manoel, que faleceu na \u00faltima ter\u00e7a feira, dia 29 de junho. &hellip; <a href=\"https:\/\/www.toque-musicall.com\/?p=794\">Continue lendo <span class=\"meta-nav\">&rarr;<\/span><\/a><\/p>\n","protected":false},"author":1,"featured_media":0,"comment_status":"open","ping_status":"closed","sticky":false,"template":"","format":"standard","meta":{"footnotes":""},"categories":[785],"tags":[],"class_list":["post-794","post","type-post","status-publish","format-standard","hentry","category-abilio-manoel"],"_links":{"self":[{"href":"https:\/\/www.toque-musicall.com\/index.php?rest_route=\/wp\/v2\/posts\/794","targetHints":{"allow":["GET"]}}],"collection":[{"href":"https:\/\/www.toque-musicall.com\/index.php?rest_route=\/wp\/v2\/posts"}],"about":[{"href":"https:\/\/www.toque-musicall.com\/index.php?rest_route=\/wp\/v2\/types\/post"}],"author":[{"embeddable":true,"href":"https:\/\/www.toque-musicall.com\/index.php?rest_route=\/wp\/v2\/users\/1"}],"replies":[{"embeddable":true,"href":"https:\/\/www.toque-musicall.com\/index.php?rest_route=%2Fwp%2Fv2%2Fcomments&post=794"}],"version-history":[{"count":0,"href":"https:\/\/www.toque-musicall.com\/index.php?rest_route=\/wp\/v2\/posts\/794\/revisions"}],"wp:attachment":[{"href":"https:\/\/www.toque-musicall.com\/index.php?rest_route=%2Fwp%2Fv2%2Fmedia&parent=794"}],"wp:term":[{"taxonomy":"category","embeddable":true,"href":"https:\/\/www.toque-musicall.com\/index.php?rest_route=%2Fwp%2Fv2%2Fcategories&post=794"},{"taxonomy":"post_tag","embeddable":true,"href":"https:\/\/www.toque-musicall.com\/index.php?rest_route=%2Fwp%2Fv2%2Ftags&post=794"}],"curies":[{"name":"wp","href":"https:\/\/api.w.org\/{rel}","templated":true}]}}