{"id":7941,"date":"2020-11-03T08:18:00","date_gmt":"2020-11-03T11:18:00","guid":{"rendered":"http:\/\/www.toque-musicall.com\/?p=7941"},"modified":"2020-12-08T20:29:57","modified_gmt":"2020-12-08T23:29:57","slug":"waldir-azevedo-1970","status":"publish","type":"post","link":"https:\/\/www.toque-musicall.com\/?p=7941","title":{"rendered":"Waldir Azevedo (1970)"},"content":{"rendered":"\n<figure class=\"wp-block-image size-large\"><img decoding=\"async\" src=\"https:\/\/1.bp.blogspot.com\/-tdjLys_XYEI\/X6SszGJaMPI\/AAAAAAAASVw\/M_MC8ush2OAxK6oReNF-cyMQlrLNoNuJQCLcBGAsYHQ\/w636-h640\/Anota%25C3%25A7%25C3%25A3o%2B2020-11-05%2B220454.jpg\" alt=\"\"\/><\/figure>\n\n\n\n<figure class=\"wp-block-image size-large\"><img decoding=\"async\" src=\"https:\/\/1.bp.blogspot.com\/-f64mM2Laxmk\/X6SsyyKDxjI\/AAAAAAAASVs\/E4AgTv3gRMYcQREfMYgvJpjD0M5y8ofCACLcBGAsYHQ\/w636-h640\/Anota%25C3%25A7%25C3%25A3o%2B2020-11-05%2B220537.jpg\" alt=\"\"\/><\/figure>\n\n\n<p>Boa noite, caros amigos cultos e ocultos! Olha s\u00f3 o que temos para hoje&#8230; Waldir Azevedo, um dos mais importantes nomes do cavaquinho, mais uma vez marcando presen\u00e7a aqui nas postagens do Toque Musical. Desta vez temos um lp lan\u00e7ado em 1970, onde nosso cavaquinista vem com uma s\u00e9rie predominantemente de choros, mas tamb\u00e9m tem valsas e samba, autorais e de outros grandes como Ary Barroso, Cust\u00f3dio Mesquita e Sadi Cabral, Roberto e Erasmo Carlos, Nassara&#8230; Enfim, um disco muito bem dosado, onde Waldir Azevedo esbanja todo o seu talento. Confiram no GTM&#8230;<\/p>\n<div>guanabarino<\/div>\n<div>oh meu imenso amor<\/div>\n<div>guar\u00e2nia brasileira<\/div>\n<div>sarau<\/div>\n<div>voc\u00ea carinho e amor<\/div>\n<div>chiquita<\/div>\n<div>voc\u00ea \u00e9 minha paz<\/div>\n<div>canta maria<\/div>\n<div>n\u00f3s queremos uma valsa<\/div>\n<div>uma seresta no sul<\/div>\n<div>tema de amor<\/div>\n<div>algu\u00e9m que passou<\/div>\n<div>\u00a0<\/div>\n<div>\u00a0<\/div>\n<div>.<\/div>\n\n\n<p><\/p>\n","protected":false},"excerpt":{"rendered":"<p>Boa noite, caros amigos cultos e ocultos! Olha s\u00f3 o que temos para hoje&#8230; Waldir Azevedo, um dos mais importantes nomes do cavaquinho, mais uma vez marcando presen\u00e7a aqui nas postagens do Toque Musical. Desta vez temos um lp lan\u00e7ado &hellip; <a href=\"https:\/\/www.toque-musicall.com\/?p=7941\">Continue lendo <span class=\"meta-nav\">&rarr;<\/span><\/a><\/p>\n","protected":false},"author":1,"featured_media":0,"comment_status":"closed","ping_status":"closed","sticky":false,"template":"","format":"standard","meta":{"footnotes":""},"categories":[40,74],"tags":[3327,4086],"class_list":["post-7941","post","type-post","status-publish","format-standard","hentry","category-selo-continental","category-waldir-azevedo","tag-selo-continental","tag-waldir-azevedo"],"_links":{"self":[{"href":"https:\/\/www.toque-musicall.com\/index.php?rest_route=\/wp\/v2\/posts\/7941","targetHints":{"allow":["GET"]}}],"collection":[{"href":"https:\/\/www.toque-musicall.com\/index.php?rest_route=\/wp\/v2\/posts"}],"about":[{"href":"https:\/\/www.toque-musicall.com\/index.php?rest_route=\/wp\/v2\/types\/post"}],"author":[{"embeddable":true,"href":"https:\/\/www.toque-musicall.com\/index.php?rest_route=\/wp\/v2\/users\/1"}],"replies":[{"embeddable":true,"href":"https:\/\/www.toque-musicall.com\/index.php?rest_route=%2Fwp%2Fv2%2Fcomments&post=7941"}],"version-history":[{"count":1,"href":"https:\/\/www.toque-musicall.com\/index.php?rest_route=\/wp\/v2\/posts\/7941\/revisions"}],"predecessor-version":[{"id":7942,"href":"https:\/\/www.toque-musicall.com\/index.php?rest_route=\/wp\/v2\/posts\/7941\/revisions\/7942"}],"wp:attachment":[{"href":"https:\/\/www.toque-musicall.com\/index.php?rest_route=%2Fwp%2Fv2%2Fmedia&parent=7941"}],"wp:term":[{"taxonomy":"category","embeddable":true,"href":"https:\/\/www.toque-musicall.com\/index.php?rest_route=%2Fwp%2Fv2%2Fcategories&post=7941"},{"taxonomy":"post_tag","embeddable":true,"href":"https:\/\/www.toque-musicall.com\/index.php?rest_route=%2Fwp%2Fv2%2Ftags&post=7941"}],"curies":[{"name":"wp","href":"https:\/\/api.w.org\/{rel}","templated":true}]}}