{"id":7943,"date":"2020-11-04T23:35:00","date_gmt":"2020-11-05T02:35:00","guid":{"rendered":"http:\/\/www.toque-musicall.com\/?p=7943"},"modified":"2020-11-08T23:42:18","modified_gmt":"2020-11-09T02:42:18","slug":"armandinho-neves-1979","status":"publish","type":"post","link":"https:\/\/www.toque-musicall.com\/?p=7943","title":{"rendered":"Armandinho Neves (1979)"},"content":{"rendered":"\n<figure class=\"wp-block-image size-large\"><img decoding=\"async\" src=\"https:\/\/1.bp.blogspot.com\/-i1GL8PuGOzA\/X6aH5LNlZ2I\/AAAAAAAASWI\/5dswoLfsSqMkF9ON77gRWf6xtMd_4konQCLcBGAsYHQ\/w626-h640\/Anota%25C3%25A7%25C3%25A3o%2B2020-11-07%2B083342.jpg\" alt=\"\"\/><\/figure>\n\n\n\n<figure class=\"wp-block-image size-large\"><img decoding=\"async\" src=\"https:\/\/1.bp.blogspot.com\/-bIpehXG8HiM\/X6aH4nCmeiI\/AAAAAAAASWE\/iIya7ggmGXgW9H4LOUclZCX_uFAgaE_aACLcBGAsYHQ\/w630-h640\/Anota%25C3%25A7%25C3%25A3o%2B2020-11-07%2B083418.jpg\" alt=\"\"\/><\/figure>\n\n\n<p>Bom dia a todos os amigos cultos e ocultos! Aqui vai mais um disco que merece a nossa aten\u00e7\u00e3o. Um lp lan\u00e7ado em 1979, pela Band Discos atrav\u00e9s de seu selo Clark, homenageando o compositor paulista Armandinho Neves. E conforme nos mostra o texto de contracapa, Armandinho Neves atuou na m\u00fasica dos anos 20 aos anos 50 participando de grupos e regionais ao lado de outros grandes como Canhoto, Raul Torres, Aymor\u00e9, Pinheirinho&#8230; Mesmo sem conhecer nada de teoria musical, sem ao menos saber ler uma partitura, se tornou um dos mais importantes compositores paulista tendo uma obra, at\u00e9 ent\u00e3o, in\u00e9dita para o grande p\u00fablico. Ele faleceu em 1976 e este lp \u00e9 fruto de pesquisas sobre a sua obra e re\u00fane doze composi\u00e7\u00f5es sua interpretada por artistas como Paulinho da Viola, Paulinho Nogueira, Rago, Aymor\u00e9 e outros grandes violonistas, como podemos ver citados na lista musical. Confiram, pois discos como esse s\u00f3 se v\u00ea e se ouve por aqui, no TM e no GTM \ud83d\ude09<\/p>\n<p>choro n\u00ba10 &#8211; paulinho da viola<\/p>\n<p>can\u00e7\u00e3o n\u00ba4 &#8211; jos\u00e9 gon\u00e7alves franco<\/p>\n<p>choro n\u00ba11 &#8211; o dono da bola &#8211; antonio rago<\/p>\n<p>prel\u00fadio n\u00ba2 &#8211; francisco ara\u00fajo<\/p>\n<p>choro n\u00ba9 &#8211; roberto ramos<\/p>\n<p>valsa n\u00ba1 &#8211; vital medeiros<\/p>\n<p>choro n\u00ba8 &#8211; bem rebolado &#8211; paulinho nogueira<\/p>\n<p>can\u00e7\u00e3o n\u00ba3 &#8211; nelson cruz<\/p>\n<p>choro n\u00ba7 &#8211; jess\u00e9 silva<\/p>\n<p>prel\u00fadio n\u00ba6 &#8211; carlos iafelice<\/p>\n<p>choro n\u00ba6 &#8211; heraldo souza<\/p>\n<p>valsa n\u00ba 14 &#8211; aymor\u00e9<\/p>\n<p>.<\/p>\n\n\n<p><\/p>\n","protected":false},"excerpt":{"rendered":"<p>Bom dia a todos os amigos cultos e ocultos! Aqui vai mais um disco que merece a nossa aten\u00e7\u00e3o. Um lp lan\u00e7ado em 1979, pela Band Discos atrav\u00e9s de seu selo Clark, homenageando o compositor paulista Armandinho Neves. E conforme &hellip; <a href=\"https:\/\/www.toque-musicall.com\/?p=7943\">Continue lendo <span class=\"meta-nav\">&rarr;<\/span><\/a><\/p>\n","protected":false},"author":1,"featured_media":0,"comment_status":"closed","ping_status":"closed","sticky":false,"template":"","format":"standard","meta":{"footnotes":""},"categories":[4018,2452],"tags":[4016,4017],"class_list":["post-7943","post","type-post","status-publish","format-standard","hentry","category-armandinho-neves","category-selo-clack","tag-armandinho-neves","tag-selo-clack"],"_links":{"self":[{"href":"https:\/\/www.toque-musicall.com\/index.php?rest_route=\/wp\/v2\/posts\/7943","targetHints":{"allow":["GET"]}}],"collection":[{"href":"https:\/\/www.toque-musicall.com\/index.php?rest_route=\/wp\/v2\/posts"}],"about":[{"href":"https:\/\/www.toque-musicall.com\/index.php?rest_route=\/wp\/v2\/types\/post"}],"author":[{"embeddable":true,"href":"https:\/\/www.toque-musicall.com\/index.php?rest_route=\/wp\/v2\/users\/1"}],"replies":[{"embeddable":true,"href":"https:\/\/www.toque-musicall.com\/index.php?rest_route=%2Fwp%2Fv2%2Fcomments&post=7943"}],"version-history":[{"count":3,"href":"https:\/\/www.toque-musicall.com\/index.php?rest_route=\/wp\/v2\/posts\/7943\/revisions"}],"predecessor-version":[{"id":7946,"href":"https:\/\/www.toque-musicall.com\/index.php?rest_route=\/wp\/v2\/posts\/7943\/revisions\/7946"}],"wp:attachment":[{"href":"https:\/\/www.toque-musicall.com\/index.php?rest_route=%2Fwp%2Fv2%2Fmedia&parent=7943"}],"wp:term":[{"taxonomy":"category","embeddable":true,"href":"https:\/\/www.toque-musicall.com\/index.php?rest_route=%2Fwp%2Fv2%2Fcategories&post=7943"},{"taxonomy":"post_tag","embeddable":true,"href":"https:\/\/www.toque-musicall.com\/index.php?rest_route=%2Fwp%2Fv2%2Ftags&post=7943"}],"curies":[{"name":"wp","href":"https:\/\/api.w.org\/{rel}","templated":true}]}}