{"id":7947,"date":"2020-11-05T01:08:00","date_gmt":"2020-11-05T04:08:00","guid":{"rendered":"http:\/\/www.toque-musicall.com\/?p=7947"},"modified":"2020-12-08T20:32:11","modified_gmt":"2020-12-08T23:32:11","slug":"dito-e-feito-choro-novo-1992","status":"publish","type":"post","link":"https:\/\/www.toque-musicall.com\/?p=7947","title":{"rendered":"Dito E Feito &#8211; Choro Novo (1992)"},"content":{"rendered":"\n<figure class=\"wp-block-image size-large\"><img decoding=\"async\" src=\"https:\/\/1.bp.blogspot.com\/-3UP97P8FhCw\/X6ijWnpNs2I\/AAAAAAAASWk\/9XYUU9-l8yk-ETwzredUPr6rzLab0f_-ACLcBGAsYHQ\/w634-h640\/Anota%25C3%25A7%25C3%25A3o%2B2020-11-06%2B083131.jpg\" alt=\"\"\/><\/figure>\n\n\n\n<figure class=\"wp-block-image size-large\"><img decoding=\"async\" src=\"https:\/\/1.bp.blogspot.com\/-Pzd6WReZT2s\/X6ijWx_udWI\/AAAAAAAASWo\/eSRiXzBzYrQ5Lddljo6pfoa-977mMJVtgCLcBGAsYHQ\/w634-h640\/Anota%25C3%25A7%25C3%25A3o%2B2020-11-08%2B230126.jpg\" alt=\"\"\/><\/figure>\n\n\n<p>Boa noite, car\u00edssimos amigos cultos e ocultos! Procurando sempre trazer para voc\u00eas aquilo que n\u00e3o se v\u00ea e n\u00e3o se ouve em qualquer esquina, embora em cada esquina possamos encontrar muitas surpresas, hoje vamos com um disco independente lan\u00e7ado em 1992 pelo grupo niteroiense de choro Dito e Feito que trazia como seus integrantes m\u00fasicos tarimbados da cena musical carioca, figuras como o bandolinista Cleber Castro, o percussionista Paul\u00e3o Meneses e Lula Esp\u00edrito Santo, violonista e cavaquinista, este respons\u00e1vel pela forma\u00e7\u00e3o do grupo e deste que foi infelizmente o \u00fanico disco do grupo. O lp traz apenas seis m\u00fasicas, composi\u00e7\u00f5es feitas de 1976 a 92, sendo duas dessas m\u00fasicas, choros, feitos por artistas uruguaios, Jorge Larrosa e Ricardo Laquan. Ta\u00ed um dos poucos discos de chorinho que n\u00e3o tem nenhum cl\u00e1ssico, se firma apenas por um trabalho autoral e de qualidade, diga-se de passagem. Vale a pena conhecer. Confiram no GTM&#8230;<\/p>\n<div>filhote<\/div>\n<div>choro noturno<\/div>\n<div>princesinha<\/div>\n<div>flauteando<\/div>\n<div>segunda feira<\/div>\n<div>com o meu na reta<\/div>\n<div>&nbsp;<\/div>\n<div>&nbsp;<\/div>\n<div>.<\/div>\n\n\n<p><\/p>\n","protected":false},"excerpt":{"rendered":"<p>Boa noite, car\u00edssimos amigos cultos e ocultos! Procurando sempre trazer para voc\u00eas aquilo que n\u00e3o se v\u00ea e n\u00e3o se ouve em qualquer esquina, embora em cada esquina possamos encontrar muitas surpresas, hoje vamos com um disco independente lan\u00e7ado em &hellip; <a href=\"https:\/\/www.toque-musicall.com\/?p=7947\">Continue lendo <span class=\"meta-nav\">&rarr;<\/span><\/a><\/p>\n","protected":false},"author":1,"featured_media":0,"comment_status":"closed","ping_status":"closed","sticky":false,"template":"","format":"standard","meta":{"footnotes":""},"categories":[4019,25],"tags":[4088,3017],"class_list":["post-7947","post","type-post","status-publish","format-standard","hentry","category-dito-e-feito","category-selo-independente","tag-dito-e-feito","tag-selo-independente"],"_links":{"self":[{"href":"https:\/\/www.toque-musicall.com\/index.php?rest_route=\/wp\/v2\/posts\/7947","targetHints":{"allow":["GET"]}}],"collection":[{"href":"https:\/\/www.toque-musicall.com\/index.php?rest_route=\/wp\/v2\/posts"}],"about":[{"href":"https:\/\/www.toque-musicall.com\/index.php?rest_route=\/wp\/v2\/types\/post"}],"author":[{"embeddable":true,"href":"https:\/\/www.toque-musicall.com\/index.php?rest_route=\/wp\/v2\/users\/1"}],"replies":[{"embeddable":true,"href":"https:\/\/www.toque-musicall.com\/index.php?rest_route=%2Fwp%2Fv2%2Fcomments&post=7947"}],"version-history":[{"count":2,"href":"https:\/\/www.toque-musicall.com\/index.php?rest_route=\/wp\/v2\/posts\/7947\/revisions"}],"predecessor-version":[{"id":8040,"href":"https:\/\/www.toque-musicall.com\/index.php?rest_route=\/wp\/v2\/posts\/7947\/revisions\/8040"}],"wp:attachment":[{"href":"https:\/\/www.toque-musicall.com\/index.php?rest_route=%2Fwp%2Fv2%2Fmedia&parent=7947"}],"wp:term":[{"taxonomy":"category","embeddable":true,"href":"https:\/\/www.toque-musicall.com\/index.php?rest_route=%2Fwp%2Fv2%2Fcategories&post=7947"},{"taxonomy":"post_tag","embeddable":true,"href":"https:\/\/www.toque-musicall.com\/index.php?rest_route=%2Fwp%2Fv2%2Ftags&post=7947"}],"curies":[{"name":"wp","href":"https:\/\/api.w.org\/{rel}","templated":true}]}}