{"id":795,"date":"2010-07-03T17:28:00","date_gmt":"2010-07-03T17:28:00","guid":{"rendered":"http:\/\/www.toque-musicall.com\/?p=795"},"modified":"2010-07-03T17:28:00","modified_gmt":"2010-07-03T17:28:00","slug":"candeia-axe-gente-amiga-do-samba-1978","status":"publish","type":"post","link":"https:\/\/www.toque-musicall.com\/?p=795","title":{"rendered":"Candeia &#8211; Ax\u00e9! Gente Amiga Do Samba (1978)"},"content":{"rendered":"<p><a href=\"http:\/\/3.bp.blogspot.com\/_DSKVEvHtskc\/TC9zhwf6PAI\/AAAAAAAAGuc\/IBdZ8Gnb404\/s1600\/candeia+P.JPG\"><img decoding=\"async\" style=\"TEXT-ALIGN: center; MARGIN: 0px auto 10px; WIDTH: 398px; DISPLAY: block; HEIGHT: 400px; CURSOR: hand\" id=\"BLOGGER_PHOTO_ID_5489733494579543042\" border=\"0\" alt=\"\" src=\"http:\/\/3.bp.blogspot.com\/_DSKVEvHtskc\/TC9zhwf6PAI\/AAAAAAAAGuc\/IBdZ8Gnb404\/s400\/candeia+P.JPG\" \/><\/a>Bom, diante a dura realidade que temos, de encarar neste fim de semana, com a sa\u00edda do Brasil da Copa do Mundo, s\u00f3 nos resta voltarmos nossos olhos (e ouvidos) para a m\u00fasica, que \u00e9 ainda uma de nossas mais fortes express\u00f5es. Ax\u00e9! Salve o povo brasileiro, porque o pa\u00eds j\u00e1 est\u00e1 vendido. (antes tivessemos alugado, como sugeriu o Raul Seixas)<br \/>Vamos em frente e de volta com o samba. Para hoje, temos o grande sambista Antonio Candeia em seu disco de 1978, &#8220;Ax\u00e9! Gente Amiga do Samba&#8221;. Um cl\u00e1ssico do samba e da m\u00fasica popular brasileira, um disco b\u00e1sico que n\u00e3o pode faltar em nehuma discoteca, seja ela real ou virtual. &#8220;Ax\u00e9!&#8221; foi um \u00e1lbum lan\u00e7ado por uma multinacional no mesmo ano de falecimento do artista. Ficou fora de cat\u00e1logo por um longo tempo. Trata-se de um disco muito bem produzido, com participa\u00e7\u00f5es n\u00e3o apenas especiais como tamb\u00e9m hist\u00f3ricas. Temos figuras importantes como Clementina de Jesus, Manac\u00e9a, Dona Ivone Lara, Alvaiade, Martinho da Vila e o hist\u00f3rico e in\u00e9dito Chico Santana, autor do hino da Portela. O repert\u00f3rio \u00e9 de primeir\u00edssima qualidade. Entre os sambas de sua autoria e parcerias h\u00e1 tamb\u00e9m espa\u00e7o para Casquinha, Aniceto e Mulequinho e Nelson Amorim. Os detalhes sobre este disco voc\u00eas poder\u00e3o conferir no texto de Lena Frias que acompanha a contracapa e encarte do lp. Quem ainda n\u00e3o conhece, pode conferir&#8230;<\/p>\n<div align=\"center\">pintura sem arte<\/div>\n<div align=\"center\">ouro<\/div>\n<div align=\"center\">des\u00e7a do seu trono<\/div>\n<div align=\"center\">mil reis<\/div>\n<div align=\"center\">vivo isolado do mundo<\/div>\n<div align=\"center\">amor n\u00e3o \u00e9 brinquedo<\/div>\n<div align=\"center\">z\u00e9 tambozeiro (tambor de angola)<\/div>\n<div align=\"center\">dia de gra\u00e7a<\/div>\n<div align=\"center\">gama\u00e7\u00e3o<\/div>\n<div align=\"center\">peixeir granfino<\/div>\n<div align=\"center\">ou\u00e7o uma voz<\/div>\n<div align=\"center\">vem amenizar<\/div>\n<div align=\"center\">invocado<\/div>\n<div align=\"center\">beberr\u00e3o<\/div>\n","protected":false},"excerpt":{"rendered":"<p>Bom, diante a dura realidade que temos, de encarar neste fim de semana, com a sa\u00edda do Brasil da Copa do Mundo, s\u00f3 nos resta voltarmos nossos olhos (e ouvidos) para a m\u00fasica, que \u00e9 ainda uma de nossas mais &hellip; <a href=\"https:\/\/www.toque-musicall.com\/?p=795\">Continue lendo <span class=\"meta-nav\">&rarr;<\/span><\/a><\/p>\n","protected":false},"author":1,"featured_media":0,"comment_status":"open","ping_status":"closed","sticky":false,"template":"","format":"standard","meta":{"footnotes":""},"categories":[1079],"tags":[],"class_list":["post-795","post","type-post","status-publish","format-standard","hentry","category-candeia"],"_links":{"self":[{"href":"https:\/\/www.toque-musicall.com\/index.php?rest_route=\/wp\/v2\/posts\/795","targetHints":{"allow":["GET"]}}],"collection":[{"href":"https:\/\/www.toque-musicall.com\/index.php?rest_route=\/wp\/v2\/posts"}],"about":[{"href":"https:\/\/www.toque-musicall.com\/index.php?rest_route=\/wp\/v2\/types\/post"}],"author":[{"embeddable":true,"href":"https:\/\/www.toque-musicall.com\/index.php?rest_route=\/wp\/v2\/users\/1"}],"replies":[{"embeddable":true,"href":"https:\/\/www.toque-musicall.com\/index.php?rest_route=%2Fwp%2Fv2%2Fcomments&post=795"}],"version-history":[{"count":0,"href":"https:\/\/www.toque-musicall.com\/index.php?rest_route=\/wp\/v2\/posts\/795\/revisions"}],"wp:attachment":[{"href":"https:\/\/www.toque-musicall.com\/index.php?rest_route=%2Fwp%2Fv2%2Fmedia&parent=795"}],"wp:term":[{"taxonomy":"category","embeddable":true,"href":"https:\/\/www.toque-musicall.com\/index.php?rest_route=%2Fwp%2Fv2%2Fcategories&post=795"},{"taxonomy":"post_tag","embeddable":true,"href":"https:\/\/www.toque-musicall.com\/index.php?rest_route=%2Fwp%2Fv2%2Ftags&post=795"}],"curies":[{"name":"wp","href":"https:\/\/api.w.org\/{rel}","templated":true}]}}