{"id":7951,"date":"2020-11-08T11:25:00","date_gmt":"2020-11-08T14:25:00","guid":{"rendered":"http:\/\/www.toque-musicall.com\/?p=7951"},"modified":"2020-11-09T11:29:39","modified_gmt":"2020-11-09T14:29:39","slug":"conjunto-brasilia-naquele-tempo-1979","status":"publish","type":"post","link":"https:\/\/www.toque-musicall.com\/?p=7951","title":{"rendered":"Conjunto Bras\u00edlia &#8211; Naquele Tempo (1979)"},"content":{"rendered":"\n<figure class=\"wp-block-image size-large\"><img decoding=\"async\" src=\"https:\/\/1.bp.blogspot.com\/-4zlJHp6eTc4\/X6kuPi8gcPI\/AAAAAAAASX8\/EWvbLrGTo4Iq7AwSc7I2dkTldZ_n4aDGwCLcBGAsYHQ\/w640-h632\/Anota%25C3%25A7%25C3%25A3o%2B2020-11-09%2B085407.jpg\" alt=\"\"\/><\/figure>\n\n\n\n<figure class=\"wp-block-image size-large\"><img decoding=\"async\" src=\"https:\/\/1.bp.blogspot.com\/-iRixr7FMn48\/X6kubtw5bWI\/AAAAAAAASYI\/5-kpYbj2blwv5_JbxF1_ocSKxEuoMmm4gCLcBGAsYHQ\/w640-h628\/Anota%25C3%25A7%25C3%25A3o%2B2020-11-09%2B084907.jpg\" alt=\"\"\/><\/figure>\n\n\n<p>Bom dia a todos, amigos cultos e ocultos! Dando sequencia aos discos de choro, temos desta vez o Conjunto Bras\u00edlia, um grupo paulista, da cidade de Tatu\u00ed. Segundo informa\u00e7\u00f5es da pr\u00f3pria contracapa este foi o primeiro e talvez o \u00fanico disco lan\u00e7ado por eles. Conforme ainda o texto, este lp \u00e9 uma amostra da arte musical deste conjunto, no qual se destaca a flautista Ivone Toledo, que viria na sequencia fazer parte do Trio Bras\u00edlia que tamb\u00e9m chegou a gravar um disco, em 1982. Certo \u00e9 que o Conjunto Bras\u00edlia, antes chamado Conjunto Regional Bras\u00edlia fez parte da cena musical da cidade de Tatu\u00ed onde havia um movimento de chorinho. Ainda como integrantes do grupo tinha Roberto Roseno (cantor e compositor) o qual \u00e9 o autor de das duas faixas deste lp que em seu repert\u00f3rio, como cabe a todo disco de choro, n\u00e3o deixa faltar os sempre mesmo cl\u00e1ssicos de outrora. Curioso isso&#8230; \u00e9 raro ver um disco de choro cuja as m\u00fasicas sejam somente autorais. Em geral, sempre tem que ter um Pixinguinha, um Waldir Azevedo ou outro grande chor\u00e3o que referencie o trabalho. Enfim, seja como for, chorinho \u00e9 sempre bom, inclusive os mais badalados. Confiram no GTM&#8230;<\/p>\n<p>proezas de s\u00f3lon<\/p>\n<p>polca do vov\u00f4<\/p>\n<p>tico-tico no fub\u00e1\/brasileirinho<\/p>\n<p>xote para vov\u00f3<\/p>\n<p>entardecendo<\/p>\n<p>chiquita<\/p>\n<p>apanhei-te cavaquinho<\/p>\n<p>pintinhos no terreiro<\/p>\n<p>naquele tempo<\/p>\n<p>dona eni, sempre anjo<\/p>\n<p>bolso de moleque<\/p>\n<p>choro do banc\u00e1rio<\/p>\n<p>naquele tempo<\/p>\n<p>dona eni, sempre anjo<\/p>\n<p>bolso de moleque<\/p>\n<p>choro do banc\u00e1rio<\/p>\n<p>\u00a0<\/p>\n<p>\u00a0<\/p>\n<div>.<\/div>","protected":false},"excerpt":{"rendered":"<p>Bom dia a todos, amigos cultos e ocultos! Dando sequencia aos discos de choro, temos desta vez o Conjunto Bras\u00edlia, um grupo paulista, da cidade de Tatu\u00ed. Segundo informa\u00e7\u00f5es da pr\u00f3pria contracapa este foi o primeiro e talvez o \u00fanico &hellip; <a href=\"https:\/\/www.toque-musicall.com\/?p=7951\">Continue lendo <span class=\"meta-nav\">&rarr;<\/span><\/a><\/p>\n","protected":false},"author":1,"featured_media":0,"comment_status":"closed","ping_status":"closed","sticky":false,"template":"","format":"standard","meta":{"footnotes":""},"categories":[4022,2734],"tags":[4023,3732],"class_list":["post-7951","post","type-post","status-publish","format-standard","hentry","category-conjunto-brasilia","category-selo-crazy","tag-conjunto-brasilia","tag-selo-crazy"],"_links":{"self":[{"href":"https:\/\/www.toque-musicall.com\/index.php?rest_route=\/wp\/v2\/posts\/7951","targetHints":{"allow":["GET"]}}],"collection":[{"href":"https:\/\/www.toque-musicall.com\/index.php?rest_route=\/wp\/v2\/posts"}],"about":[{"href":"https:\/\/www.toque-musicall.com\/index.php?rest_route=\/wp\/v2\/types\/post"}],"author":[{"embeddable":true,"href":"https:\/\/www.toque-musicall.com\/index.php?rest_route=\/wp\/v2\/users\/1"}],"replies":[{"embeddable":true,"href":"https:\/\/www.toque-musicall.com\/index.php?rest_route=%2Fwp%2Fv2%2Fcomments&post=7951"}],"version-history":[{"count":1,"href":"https:\/\/www.toque-musicall.com\/index.php?rest_route=\/wp\/v2\/posts\/7951\/revisions"}],"predecessor-version":[{"id":7952,"href":"https:\/\/www.toque-musicall.com\/index.php?rest_route=\/wp\/v2\/posts\/7951\/revisions\/7952"}],"wp:attachment":[{"href":"https:\/\/www.toque-musicall.com\/index.php?rest_route=%2Fwp%2Fv2%2Fmedia&parent=7951"}],"wp:term":[{"taxonomy":"category","embeddable":true,"href":"https:\/\/www.toque-musicall.com\/index.php?rest_route=%2Fwp%2Fv2%2Fcategories&post=7951"},{"taxonomy":"post_tag","embeddable":true,"href":"https:\/\/www.toque-musicall.com\/index.php?rest_route=%2Fwp%2Fv2%2Ftags&post=7951"}],"curies":[{"name":"wp","href":"https:\/\/api.w.org\/{rel}","templated":true}]}}