{"id":7957,"date":"2020-11-09T20:18:00","date_gmt":"2020-11-09T23:18:00","guid":{"rendered":"http:\/\/www.toque-musicall.com\/?p=7957"},"modified":"2020-11-10T20:21:54","modified_gmt":"2020-11-10T23:21:54","slug":"os-ingenuos-1978","status":"publish","type":"post","link":"https:\/\/www.toque-musicall.com\/?p=7957","title":{"rendered":"Os Ing\u00eanuos (1978)"},"content":{"rendered":"\n<figure class=\"wp-block-image size-large\"><img decoding=\"async\" src=\"https:\/\/1.bp.blogspot.com\/--F0hq_lS_mg\/X6sYFHmuw9I\/AAAAAAAASZA\/fw6FrHkP2oIV8GJm9gHOXmITth-FF3AbwCLcBGAsYHQ\/w640-h634\/Anota%25C3%25A7%25C3%25A3o%2B2020-11-10%2B194045.jpg\" alt=\"\"\/><\/figure>\n\n\n\n<figure class=\"wp-block-image size-large\"><img decoding=\"async\" src=\"https:\/\/1.bp.blogspot.com\/-Jp1MShWB0oU\/X6sYFDWEBXI\/AAAAAAAASZE\/6Z2S5Ek_Hi0K2AHe6ywTs9tOxBKBrUW7ACLcBGAsYHQ\/w624-h640\/Anota%25C3%25A7%25C3%25A3o%2B2020-11-10%2B194205.jpg\" alt=\"\"\/><\/figure>\n\n\n<p>Boa noite a todos, amigos cultos e ocultos! E o Choro por aqui n\u00e3o para&#8230; Seguindo no embalo, temos desta vez o grupo baiano Os Ing\u00eanuos. Formado em 1973 por Edson Sete Cordas, Jos\u00e9 Luis de Jesus, Avelino Silva e outros m\u00fasicos. Foi um dos grupos respons\u00e1veis\u00a0 pelo movimento\u00a0 do choro em Salvador, onde fundaram o Clube do Choro da Bahia. Este foi o primeiro lp gravado por eles, quando ent\u00e3o participaram com destaque no I Festival Nacional do Choro, promovido pela Rede Bandeirantes de Televis\u00e3o. Tiveram ent\u00e3o a oportunidade de lan\u00e7arem este lp com m\u00fasicas de Jos\u00e9 Luis de Jesus e tamb\u00e9m alguns choros cl\u00e1ssicos, como cabe a todo disco de choro. Eles contam tamb\u00e9m com a participa\u00e7\u00e3o de Altamir Carrilho, o que viria em outras ocasi\u00f5es trabalhar com eles. Sem sombra de d\u00favidas, este \u00e9 mais um disco de choro que voc\u00eas n\u00e3o podem perder. Confiram no GTM&#8230;<\/p>\n<p>\u00a0<\/p>\n<p>chorinho diferente<\/p>\n<p>lamentos<\/p>\n<p>noites cariocas<\/p>\n<p>homenagem ao \u00e9poca de ouro<\/p>\n<p>recordando ernesto nazareth<\/p>\n<p>eu sou assim mesmo<\/p>\n<p>sofres porque queres<\/p>\n<p>uma deixa para clyde<\/p>\n<p>atlanticando<\/p>\n<p>cart\u00e3o de visita<\/p>\n<p>ing\u00eanuo<\/p>\n<p>maxixando<\/p>\n<p>.<\/p>\n\n\n<p><\/p>\n","protected":false},"excerpt":{"rendered":"<p>Boa noite a todos, amigos cultos e ocultos! E o Choro por aqui n\u00e3o para&#8230; Seguindo no embalo, temos desta vez o grupo baiano Os Ing\u00eanuos. Formado em 1973 por Edson Sete Cordas, Jos\u00e9 Luis de Jesus, Avelino Silva e &hellip; <a href=\"https:\/\/www.toque-musicall.com\/?p=7957\">Continue lendo <span class=\"meta-nav\">&rarr;<\/span><\/a><\/p>\n","protected":false},"author":1,"featured_media":0,"comment_status":"closed","ping_status":"closed","sticky":false,"template":"","format":"standard","meta":{"footnotes":""},"categories":[4026,2452],"tags":[4027,4017],"class_list":["post-7957","post","type-post","status-publish","format-standard","hentry","category-os-ingenuos","category-selo-clack","tag-os-ingenuos","tag-selo-clack"],"_links":{"self":[{"href":"https:\/\/www.toque-musicall.com\/index.php?rest_route=\/wp\/v2\/posts\/7957","targetHints":{"allow":["GET"]}}],"collection":[{"href":"https:\/\/www.toque-musicall.com\/index.php?rest_route=\/wp\/v2\/posts"}],"about":[{"href":"https:\/\/www.toque-musicall.com\/index.php?rest_route=\/wp\/v2\/types\/post"}],"author":[{"embeddable":true,"href":"https:\/\/www.toque-musicall.com\/index.php?rest_route=\/wp\/v2\/users\/1"}],"replies":[{"embeddable":true,"href":"https:\/\/www.toque-musicall.com\/index.php?rest_route=%2Fwp%2Fv2%2Fcomments&post=7957"}],"version-history":[{"count":1,"href":"https:\/\/www.toque-musicall.com\/index.php?rest_route=\/wp\/v2\/posts\/7957\/revisions"}],"predecessor-version":[{"id":7958,"href":"https:\/\/www.toque-musicall.com\/index.php?rest_route=\/wp\/v2\/posts\/7957\/revisions\/7958"}],"wp:attachment":[{"href":"https:\/\/www.toque-musicall.com\/index.php?rest_route=%2Fwp%2Fv2%2Fmedia&parent=7957"}],"wp:term":[{"taxonomy":"category","embeddable":true,"href":"https:\/\/www.toque-musicall.com\/index.php?rest_route=%2Fwp%2Fv2%2Fcategories&post=7957"},{"taxonomy":"post_tag","embeddable":true,"href":"https:\/\/www.toque-musicall.com\/index.php?rest_route=%2Fwp%2Fv2%2Ftags&post=7957"}],"curies":[{"name":"wp","href":"https:\/\/api.w.org\/{rel}","templated":true}]}}