{"id":7963,"date":"2020-11-12T08:46:57","date_gmt":"2020-11-12T11:46:57","guid":{"rendered":"http:\/\/www.toque-musicall.com\/?p=7963"},"modified":"2020-11-12T08:48:47","modified_gmt":"2020-11-12T11:48:47","slug":"rapaziada-da-saudade-carinhos-e-outros-temas-regionais-1973","status":"publish","type":"post","link":"https:\/\/www.toque-musicall.com\/?p=7963","title":{"rendered":"Rapaziada Da Saudade &#8211; Carinhos E Outros Temas Regionais (1973)"},"content":{"rendered":"\n<figure class=\"wp-block-image size-large\"><img decoding=\"async\" src=\"https:\/\/1.bp.blogspot.com\/-gl1sCezBL9c\/X60bs3WCClI\/AAAAAAAASaY\/BTMloBMjFHksSpMpk6hBlYNcYFVMHHbHQCLcBGAsYHQ\/w640-h640\/Anota%25C3%25A7%25C3%25A3o%2B2020-11-12%2B082441.jpg\" alt=\"\"\/><\/figure>\n\n\n\n<figure class=\"wp-block-image size-large\"><img decoding=\"async\" src=\"https:\/\/1.bp.blogspot.com\/-Zvmj4WwwUgU\/X60bsdoRRkI\/AAAAAAAASaU\/XDa504e2xR8bvTz5SxbYVFJEUrGehKtPQCLcBGAsYHQ\/w638-h640\/Anota%25C3%25A7%25C3%25A3o%2B2020-11-12%2B082321.jpg\" alt=\"\"\/><\/figure>\n\n\n<p>Bom dia, amigos cultos e ocultos! Olha a\u00ed, mais um lp de choro para alegrar a vida, principalmente dos amigos m\u00fasicos que nunca se cansam de pedir discos de chorinho e m\u00fasica instrumental. Desta vez temos um lp lan\u00e7ado por Oswaldo Cadaxo e seu selo Equipe, em 1973. &#8220;Carinhos e outros Temas Regionais&#8221; \u00e9 o t\u00edtulo dessa produ\u00e7\u00e3o que tem como int\u00e9rpretes essa Rapaziada da Saudade, grupo que infelizmente n\u00e3o consegui informa\u00e7\u00f5es. Por\u00e9m, o que temos aqui \u00e9 um belo e bem executado disco de choro repleto de cl\u00e1ssicos. Um repeteco musical, sem d\u00favida, mas sempre muito bem vindo, afinal h\u00e1 diferentes formas de tocar uma mesma m\u00fasica, n\u00e3o \u00e9 mesmo? Vamos tamb\u00e9m conferir&#8230; \ud83d\ude09<\/p>\n<p>carinhoso<\/p>\n<p>andr\u00e9 de sapato novo<\/p>\n<p>l\u00edngua de preto<\/p>\n<p>lamento<\/p>\n<p>doce de c\u00f4co<\/p>\n<p>samba de morro<\/p>\n<p>cochicho<\/p>\n<p>naquela mesa<\/p>\n<p>murmurando<\/p>\n<p>brasileirinho<\/p>\n<p>pedacinho do c\u00e9u<\/p>\n<p>brejeiro<\/p>\n<p>l\u00e1grima<\/p>\n<p>.<\/p>","protected":false},"excerpt":{"rendered":"<p>Bom dia, amigos cultos e ocultos! Olha a\u00ed, mais um lp de choro para alegrar a vida, principalmente dos amigos m\u00fasicos que nunca se cansam de pedir discos de chorinho e m\u00fasica instrumental. Desta vez temos um lp lan\u00e7ado por &hellip; <a href=\"https:\/\/www.toque-musicall.com\/?p=7963\">Continue lendo <span class=\"meta-nav\">&rarr;<\/span><\/a><\/p>\n","protected":false},"author":1,"featured_media":0,"comment_status":"closed","ping_status":"closed","sticky":false,"template":"","format":"standard","meta":{"footnotes":""},"categories":[4032,275],"tags":[4033,3101],"class_list":["post-7963","post","type-post","status-publish","format-standard","hentry","category-rapaziada-da-saudade","category-selo-equipe","tag-rapaziada-da-saudade","tag-selo-equipe"],"_links":{"self":[{"href":"https:\/\/www.toque-musicall.com\/index.php?rest_route=\/wp\/v2\/posts\/7963","targetHints":{"allow":["GET"]}}],"collection":[{"href":"https:\/\/www.toque-musicall.com\/index.php?rest_route=\/wp\/v2\/posts"}],"about":[{"href":"https:\/\/www.toque-musicall.com\/index.php?rest_route=\/wp\/v2\/types\/post"}],"author":[{"embeddable":true,"href":"https:\/\/www.toque-musicall.com\/index.php?rest_route=\/wp\/v2\/users\/1"}],"replies":[{"embeddable":true,"href":"https:\/\/www.toque-musicall.com\/index.php?rest_route=%2Fwp%2Fv2%2Fcomments&post=7963"}],"version-history":[{"count":1,"href":"https:\/\/www.toque-musicall.com\/index.php?rest_route=\/wp\/v2\/posts\/7963\/revisions"}],"predecessor-version":[{"id":7964,"href":"https:\/\/www.toque-musicall.com\/index.php?rest_route=\/wp\/v2\/posts\/7963\/revisions\/7964"}],"wp:attachment":[{"href":"https:\/\/www.toque-musicall.com\/index.php?rest_route=%2Fwp%2Fv2%2Fmedia&parent=7963"}],"wp:term":[{"taxonomy":"category","embeddable":true,"href":"https:\/\/www.toque-musicall.com\/index.php?rest_route=%2Fwp%2Fv2%2Fcategories&post=7963"},{"taxonomy":"post_tag","embeddable":true,"href":"https:\/\/www.toque-musicall.com\/index.php?rest_route=%2Fwp%2Fv2%2Ftags&post=7963"}],"curies":[{"name":"wp","href":"https:\/\/api.w.org\/{rel}","templated":true}]}}