{"id":7966,"date":"2020-11-13T10:46:00","date_gmt":"2020-11-13T13:46:00","guid":{"rendered":"http:\/\/www.toque-musicall.com\/?p=7966"},"modified":"2020-11-16T10:49:47","modified_gmt":"2020-11-16T13:49:47","slug":"conjunto-epoca-de-ouro-1974","status":"publish","type":"post","link":"https:\/\/www.toque-musicall.com\/?p=7966","title":{"rendered":"Conjunto \u00c9poca De Ouro (1974)"},"content":{"rendered":"\n<figure class=\"wp-block-image size-large\"><img decoding=\"async\" src=\"https:\/\/1.bp.blogspot.com\/-RjVaoXplPuE\/X7JqIO-9JmI\/AAAAAAAASas\/xk0v_8-Ihl4W6smOJNCKrFmX4gjG1eB0gCLcBGAsYHQ\/w640-h640\/Anota%25C3%25A7%25C3%25A3o%2B2020-11-15%2B201536.jpg\" alt=\"\"\/><\/figure>\n\n\n\n<figure class=\"wp-block-image size-large\"><img decoding=\"async\" src=\"https:\/\/1.bp.blogspot.com\/-U0vbCPldcmE\/X7JqHyEPOzI\/AAAAAAAASao\/e08i9JN3GmUgDJj7Nz5QUKa5I3RZtUURgCLcBGAsYHQ\/w640-h632\/Anota%25C3%25A7%25C3%25A3o%2B2020-11-15%2B201504.jpg\" alt=\"\"\/><\/figure>\n\n\n<p>Bom dia a todos, amigos cultos e ocultos! Passamos os \u00faltimos dias postando discos de choro e nessa leva n\u00e3o podemos deixar de fora um dos mais importantes grupo, o Conjunto \u00c9poca de Ouro. J\u00e1 tivemos o prazer de apresentar aqui outros momento desse espetacular grupo criado por Jacob do Bandolim em 1964 e que ainda hoje mant\u00e9m acesa a chama do choro genu\u00edno atrav\u00e9s de uma nova gera\u00e7\u00e3o. Pelo grupo passaram grandes instrumentistas e assim se mant\u00e9m ao longo de seus 55 anos de exist\u00eancia. Aqui temos um lp de 1974, o primeiro produzido por Reginaldo Bessa. Um trabalho feito com esmero, envolvendo tamb\u00e9m a participa\u00e7\u00e3o de Abel Ferreira, Canhoto, Pedro Sorongo e os ritmistas Gilson e Luna. O \u00c9poca de Ouro neste disco era formado por Cesar e Damazio, nos viol\u00f5es, Dinho no viol\u00e3o de sete cordas, D\u00e9o Rian no bandolim, Jonas no cavaquinho e Jorginho no Pandeiro. O repert\u00f3rio procura tra\u00e7ar a trajet\u00f3ria do choro, dos tempos de sua pr\u00e9-exist\u00eancia aos dias atuais daquele in\u00edcio dos anos 70.<\/p>\n<p>noites cariocas<\/p>\n<p>nem ela nem eu<\/p>\n<p>batuque<\/p>\n<p>choro negro<\/p>\n<p>o n\u00f3<\/p>\n<p>sauda\u00e7\u00f5es<\/p>\n<p>diabinho maluco<\/p>\n<p>inesquec\u00edvel<\/p>\n<p>choro n\u00ba 1<\/p>\n<p>carolina<\/p>\n<p>sentimento de um cora\u00e7\u00e3o<\/p>\n<p>meu chorinho<\/p>\n<p>.<\/p>\n\n\n<p><\/p>\n","protected":false},"excerpt":{"rendered":"<p>Bom dia a todos, amigos cultos e ocultos! Passamos os \u00faltimos dias postando discos de choro e nessa leva n\u00e3o podemos deixar de fora um dos mais importantes grupo, o Conjunto \u00c9poca de Ouro. J\u00e1 tivemos o prazer de apresentar &hellip; <a href=\"https:\/\/www.toque-musicall.com\/?p=7966\">Continue lendo <span class=\"meta-nav\">&rarr;<\/span><\/a><\/p>\n","protected":false},"author":1,"featured_media":0,"comment_status":"closed","ping_status":"closed","sticky":false,"template":"","format":"standard","meta":{"footnotes":""},"categories":[921,40],"tags":[4034,3327],"class_list":["post-7966","post","type-post","status-publish","format-standard","hentry","category-conjunto-epoca-de-ouro","category-selo-continental","tag-conjunto-epoca-de-ouro","tag-selo-continental"],"_links":{"self":[{"href":"https:\/\/www.toque-musicall.com\/index.php?rest_route=\/wp\/v2\/posts\/7966","targetHints":{"allow":["GET"]}}],"collection":[{"href":"https:\/\/www.toque-musicall.com\/index.php?rest_route=\/wp\/v2\/posts"}],"about":[{"href":"https:\/\/www.toque-musicall.com\/index.php?rest_route=\/wp\/v2\/types\/post"}],"author":[{"embeddable":true,"href":"https:\/\/www.toque-musicall.com\/index.php?rest_route=\/wp\/v2\/users\/1"}],"replies":[{"embeddable":true,"href":"https:\/\/www.toque-musicall.com\/index.php?rest_route=%2Fwp%2Fv2%2Fcomments&post=7966"}],"version-history":[{"count":1,"href":"https:\/\/www.toque-musicall.com\/index.php?rest_route=\/wp\/v2\/posts\/7966\/revisions"}],"predecessor-version":[{"id":7967,"href":"https:\/\/www.toque-musicall.com\/index.php?rest_route=\/wp\/v2\/posts\/7966\/revisions\/7967"}],"wp:attachment":[{"href":"https:\/\/www.toque-musicall.com\/index.php?rest_route=%2Fwp%2Fv2%2Fmedia&parent=7966"}],"wp:term":[{"taxonomy":"category","embeddable":true,"href":"https:\/\/www.toque-musicall.com\/index.php?rest_route=%2Fwp%2Fv2%2Fcategories&post=7966"},{"taxonomy":"post_tag","embeddable":true,"href":"https:\/\/www.toque-musicall.com\/index.php?rest_route=%2Fwp%2Fv2%2Ftags&post=7966"}],"curies":[{"name":"wp","href":"https:\/\/api.w.org\/{rel}","templated":true}]}}