{"id":797,"date":"2010-07-01T17:50:00","date_gmt":"2010-07-01T17:50:00","guid":{"rendered":"http:\/\/www.toque-musicall.com\/?p=797"},"modified":"2010-07-01T17:50:00","modified_gmt":"2010-07-01T17:50:00","slug":"grupo-chapeu-de-palha-vol-2-1979","status":"publish","type":"post","link":"https:\/\/www.toque-musicall.com\/?p=797","title":{"rendered":"Grupo Chap\u00e9u de Palha Vol 2 (1979)"},"content":{"rendered":"<p><a href=\"http:\/\/2.bp.blogspot.com\/_DSKVEvHtskc\/TCzVoe-i10I\/AAAAAAAAGuE\/-XnmQ1BSsC0\/s1600\/grupo+P.JPG\"><img decoding=\"async\" style=\"TEXT-ALIGN: center; MARGIN: 0px auto 10px; WIDTH: 400px; DISPLAY: block; HEIGHT: 398px; CURSOR: hand\" id=\"BLOGGER_PHOTO_ID_5488996937344669506\" border=\"0\" alt=\"\" src=\"http:\/\/2.bp.blogspot.com\/_DSKVEvHtskc\/TCzVoe-i10I\/AAAAAAAAGuE\/-XnmQ1BSsC0\/s400\/grupo+P.JPG\" \/><\/a>\u00c9&#8230; meus prezados&#8230; o Toque Musical est\u00e1 pr\u00f3ximo de completar tr\u00eas anos e possivelmente a partir de ent\u00e3o teremos algumas mudan\u00e7as. N\u00e3o \u00e9 por falta de material, mas penso seriamente em n\u00e3o ficar mais preso a esse compromisso di\u00e1rio de postagem. Acho que irei mudar nossa rotina depois que eu volta das minhas f\u00e9rias, na pr\u00f3xima quinzena.<br \/>Enquanto isso, vamos de samba que a semana est\u00e1 pedindo. Amanh\u00e3 tem Brasil x Holanda, t\u00e1 todo ligado. Para relaxar e diminuir a tens\u00e3o, nada como o Grupo Chap\u00e9u de Palha. Uma turma afinada no samba e principalmente no choro. Eles sugiram em 1977, a partir do &#8220;Projeto Seis e Meia&#8221;, no Teatro Jo\u00e3o Caetano, com incentivo e apadrinhamento de Herm\u00edno Bello de Carvalho, que era o coordenador e dirigia o projeto. O grupo segue uma linha de samba e choro das d\u00e9cadas de 30 e 40. O presente (de presente) \u00e1lbum foi o segundo disco gravado por eles. Aqui encontramos um desfile de cl\u00e1ssicos imperd\u00edveis em formato de &#8216;pot pourri&#8217;. Vejam (e ou\u00e7am) s\u00f3&#8230;<\/p>\n<div align=\"center\">sei que \u00e9 covardia<\/div>\n<div align=\"center\">deus me perdoe<\/div>\n<div align=\"center\">o orvalh vem caindo<\/div>\n<div align=\"center\">n\u00e3o me diga adeus<\/div>\n<div align=\"center\">se \u00e9 pecado sambar<\/div>\n<div align=\"center\">helena, helena<\/div>\n<div align=\"center\">em\u00edlia<\/div>\n<div align=\"center\">chocar cavaquinho<\/div>\n<div align=\"center\">seu lib\u00f3rio<\/div>\n<div align=\"center\">piston na gafieira<\/div>\n<div align=\"center\">conversa de botequim<\/div>\n<div align=\"center\">nossas terras <\/div>\n<div align=\"center\">um gago apaixonado<\/div>\n<div align=\"center\">aos p\u00e9s da cruz<\/div>\n<div align=\"center\">aperto de m\u00e3o <\/div>\n<div align=\"center\">pombo correio<\/div>\n<div align=\"center\">me deixa em paz<\/div>\n<div align=\"center\">bonde de s\u00e3o janu\u00e1rio<\/div>\n<div align=\"center\">z\u00e9 marmita<\/div>\n<div align=\"center\">o trem atrazou<\/div>\n<div align=\"center\">paraquedista<\/div>\n<div align=\"center\">dan\u00e7arino de gafieira<\/div>\n<div align=\"center\">metrux<\/div>\n<div align=\"center\"> <\/div>\n<div align=\"center\"> <\/div>\n","protected":false},"excerpt":{"rendered":"<p>\u00c9&#8230; meus prezados&#8230; o Toque Musical est\u00e1 pr\u00f3ximo de completar tr\u00eas anos e possivelmente a partir de ent\u00e3o teremos algumas mudan\u00e7as. N\u00e3o \u00e9 por falta de material, mas penso seriamente em n\u00e3o ficar mais preso a esse compromisso di\u00e1rio de &hellip; <a href=\"https:\/\/www.toque-musicall.com\/?p=797\">Continue lendo <span class=\"meta-nav\">&rarr;<\/span><\/a><\/p>\n","protected":false},"author":1,"featured_media":0,"comment_status":"open","ping_status":"closed","sticky":false,"template":"","format":"standard","meta":{"footnotes":""},"categories":[1081],"tags":[],"class_list":["post-797","post","type-post","status-publish","format-standard","hentry","category-grupo-chapeu-de-palha"],"_links":{"self":[{"href":"https:\/\/www.toque-musicall.com\/index.php?rest_route=\/wp\/v2\/posts\/797","targetHints":{"allow":["GET"]}}],"collection":[{"href":"https:\/\/www.toque-musicall.com\/index.php?rest_route=\/wp\/v2\/posts"}],"about":[{"href":"https:\/\/www.toque-musicall.com\/index.php?rest_route=\/wp\/v2\/types\/post"}],"author":[{"embeddable":true,"href":"https:\/\/www.toque-musicall.com\/index.php?rest_route=\/wp\/v2\/users\/1"}],"replies":[{"embeddable":true,"href":"https:\/\/www.toque-musicall.com\/index.php?rest_route=%2Fwp%2Fv2%2Fcomments&post=797"}],"version-history":[{"count":0,"href":"https:\/\/www.toque-musicall.com\/index.php?rest_route=\/wp\/v2\/posts\/797\/revisions"}],"wp:attachment":[{"href":"https:\/\/www.toque-musicall.com\/index.php?rest_route=%2Fwp%2Fv2%2Fmedia&parent=797"}],"wp:term":[{"taxonomy":"category","embeddable":true,"href":"https:\/\/www.toque-musicall.com\/index.php?rest_route=%2Fwp%2Fv2%2Fcategories&post=797"},{"taxonomy":"post_tag","embeddable":true,"href":"https:\/\/www.toque-musicall.com\/index.php?rest_route=%2Fwp%2Fv2%2Ftags&post=797"}],"curies":[{"name":"wp","href":"https:\/\/api.w.org\/{rel}","templated":true}]}}