{"id":7970,"date":"2020-11-14T22:12:00","date_gmt":"2020-11-15T01:12:00","guid":{"rendered":"http:\/\/www.toque-musicall.com\/?p=7970"},"modified":"2020-11-16T22:21:00","modified_gmt":"2020-11-17T01:21:00","slug":"nilze-carvalho-choro-de-menina-1980","status":"publish","type":"post","link":"https:\/\/www.toque-musicall.com\/?p=7970","title":{"rendered":"Nilze Carvalho &#8211; Choro De Menina (1980)"},"content":{"rendered":"\n<figure class=\"wp-block-image size-large\"><img decoding=\"async\" src=\"https:\/\/1.bp.blogspot.com\/-aC4AqFjK3pc\/X7MaZXH_6zI\/AAAAAAAASbA\/mV7WVfKHac0sySKY_WAHhI4-epmPiouMQCLcBGAsYHQ\/w640-h640\/Anota%25C3%25A7%25C3%25A3o%2B2020-11-16%2B211914.jpg\" alt=\"\"\/><\/figure>\n\n\n\n<figure class=\"wp-block-image size-large\"><img decoding=\"async\" src=\"https:\/\/1.bp.blogspot.com\/-aX1Z3FT-S7s\/X7MajoABHDI\/AAAAAAAASbE\/_CDiE3lTqDI8CtUVOctnR9HxgbfWHlQXACLcBGAsYHQ\/w636-h640\/Anota%25C3%25A7%25C3%25A3o%2B2020-11-16%2B211831.jpg\" alt=\"\"\/><\/figure>\n\n\n<div class=\"separator\">Boa noite car\u00edssimos amigos cultos e ocultos! Ainda na base do choro, temos aqui mais um disco do g\u00eanero. Desta vez vamos com o virtuosismo da bandolinista Nilze Carvalho. Ali\u00e1s, n\u00e3o apenas bamba no bandolim, tamb\u00e9m domina com maestria o viol\u00e3o e o cavaquinho. Cantora e compositora, Albenise de Carvalho Ricardo, come\u00e7ou ainda crian\u00e7a na m\u00fasica. Aos seis anos j\u00e1 se apresentava em p\u00fablico, no r\u00e1dio e na televis\u00e3o. Aos 12 j\u00e1 estava gravando este seu primeiro disco, &#8220;Choro de Menina&#8221;, acompanhada pelo tradicional conjunto \u00c9poca de Ouro, o qual temos o prazer de publicar aqui. &#8220;Choro de Menina&#8221; rendeu quatro volumes, discos que ela gravou com o \u00c9poca de Ouro dos 12 aos 14 anos. A partir dos 15 anos j\u00e1 era uma artista de fama internacional, se apresentando em v\u00e1rios pa\u00edses da Europa, \u00c1sia, Austr\u00e1lia, China, Estados Unidos e tamb\u00e9m pela Am\u00e9rica Latina. Tem hoje em seu curr\u00edculo mais de uma dezena de discos lan\u00e7ados, trabalhos com alguns dos maiores nomes da m\u00fasica popular brasileira. Uma artista genial que ainda hoje n\u00e3o tem aqui o reconhecimento merecido. Neste primeiro lp, Nilze nos brinda com um repert\u00f3rio com diversos cl\u00e1ssicos do choro. Aqui, vale ressaltar, o que realmente conta \u00e9 a expertise dessa garota ao lado de um time de bambas. Muito bacana, vale a pena ouvir&#8230;<\/div>\n<div class=\"separator\">\u00a0<\/div>\n<div class=\"separator\">noites cariocas<\/div>\n<div class=\"separator\">feiti\u00e7o da vila<\/div>\n<div class=\"separator\">lamento<\/div>\n<div class=\"separator\">naquele tempo<\/div>\n<div class=\"separator\">s\u00faplica<\/div>\n<div class=\"separator\">sofres porque queres<\/div>\n<div class=\"separator\">murmurando<\/div>\n<div class=\"separator\">barrac\u00e3o<\/div>\n<div class=\"separator\">o bo\u00eamio<\/div>\n<div class=\"separator\">doce de c\u00f4co<\/div>\n<div class=\"separator\">dengoso<\/div>\n<div class=\"separator\">apelo<\/div>\n<div class=\"separator\">\u00a0<\/div>\n<div class=\"separator\">\u00a0<\/div>\n<div class=\"separator\">.\u00a0<\/div>\n<p>\u00a0<\/p>\n\n\n<p><\/p>\n","protected":false},"excerpt":{"rendered":"<p>Boa noite car\u00edssimos amigos cultos e ocultos! Ainda na base do choro, temos aqui mais um disco do g\u00eanero. Desta vez vamos com o virtuosismo da bandolinista Nilze Carvalho. Ali\u00e1s, n\u00e3o apenas bamba no bandolim, tamb\u00e9m domina com maestria o &hellip; <a href=\"https:\/\/www.toque-musicall.com\/?p=7970\">Continue lendo <span class=\"meta-nav\">&rarr;<\/span><\/a><\/p>\n","protected":false},"author":1,"featured_media":0,"comment_status":"closed","ping_status":"closed","sticky":false,"template":"","format":"standard","meta":{"footnotes":""},"categories":[4035,345],"tags":[4036,3727],"class_list":["post-7970","post","type-post","status-publish","format-standard","hentry","category-nilze-carvalho","category-selo-cid","tag-nilze-carvalho","tag-selo-cid"],"_links":{"self":[{"href":"https:\/\/www.toque-musicall.com\/index.php?rest_route=\/wp\/v2\/posts\/7970","targetHints":{"allow":["GET"]}}],"collection":[{"href":"https:\/\/www.toque-musicall.com\/index.php?rest_route=\/wp\/v2\/posts"}],"about":[{"href":"https:\/\/www.toque-musicall.com\/index.php?rest_route=\/wp\/v2\/types\/post"}],"author":[{"embeddable":true,"href":"https:\/\/www.toque-musicall.com\/index.php?rest_route=\/wp\/v2\/users\/1"}],"replies":[{"embeddable":true,"href":"https:\/\/www.toque-musicall.com\/index.php?rest_route=%2Fwp%2Fv2%2Fcomments&post=7970"}],"version-history":[{"count":2,"href":"https:\/\/www.toque-musicall.com\/index.php?rest_route=\/wp\/v2\/posts\/7970\/revisions"}],"predecessor-version":[{"id":7972,"href":"https:\/\/www.toque-musicall.com\/index.php?rest_route=\/wp\/v2\/posts\/7970\/revisions\/7972"}],"wp:attachment":[{"href":"https:\/\/www.toque-musicall.com\/index.php?rest_route=%2Fwp%2Fv2%2Fmedia&parent=7970"}],"wp:term":[{"taxonomy":"category","embeddable":true,"href":"https:\/\/www.toque-musicall.com\/index.php?rest_route=%2Fwp%2Fv2%2Fcategories&post=7970"},{"taxonomy":"post_tag","embeddable":true,"href":"https:\/\/www.toque-musicall.com\/index.php?rest_route=%2Fwp%2Fv2%2Ftags&post=7970"}],"curies":[{"name":"wp","href":"https:\/\/api.w.org\/{rel}","templated":true}]}}