{"id":7973,"date":"2020-11-15T22:36:00","date_gmt":"2020-11-16T01:36:00","guid":{"rendered":"http:\/\/www.toque-musicall.com\/?p=7973"},"modified":"2020-11-16T22:40:42","modified_gmt":"2020-11-17T01:40:42","slug":"gabriel-e-sua-rabeca-violino-na-gafieira-1962","status":"publish","type":"post","link":"https:\/\/www.toque-musicall.com\/?p=7973","title":{"rendered":"Gabriel E Sua Rabeca &#8211; Violino Na Gafieira (1962)"},"content":{"rendered":"\n<figure class=\"wp-block-image size-large\"><img decoding=\"async\" src=\"https:\/\/1.bp.blogspot.com\/-tn_-H7oitdM\/X7MntfhbniI\/AAAAAAAASbc\/qRIg0vA3H2oaYIlFU4h1qS0OTJpCAm02gCLcBGAsYHQ\/w640-h616\/Anota%25C3%25A7%25C3%25A3o%2B2020-11-03%2B194614.jpg\" alt=\"\"\/><\/figure>\n\n\n\n<figure class=\"wp-block-image size-large\"><img decoding=\"async\" src=\"https:\/\/1.bp.blogspot.com\/-2Zx8YJUSuP8\/X7MnrVDdt0I\/AAAAAAAASbY\/3D3SePM4tucFJmF4W3-_PM0OEaBjao9wwCLcBGAsYHQ\/w634-h640\/Anota%25C3%25A7%25C3%25A3o%2B2020-11-03%2B194345.jpg\" alt=\"\"\/><\/figure>\n\n\n<div class=\"separator\">Ol\u00e1, amigos cultos e ocultos! Hoje o Toque Musical est\u00e1 trazendo para voc\u00eas um disco do violinista Gabriel Ant\u00f4nio de Azeredo, tamb\u00e9m conhecido por Baiano, e que tamb\u00e9m era fabricante de contrabaixos e violinos. \u00c9 \u201cViolino na gafieira\u201d, lan\u00e7ado pela Philips em 1962 e cronologicamente seu terceiro LP, pois antes ele j\u00e1 havia gravado dois \u00e1lbuns de dez polegadas com o selo R\u00e1dio, \u201cUm violino no samba\u201d (1955) e \u201cUm violino no samba n.o 2\u201d (1958). Neste \u201cViolino na gafieira\u201d, Gabriel e sua rabeca \u2013 por ele pr\u00f3prio fabricada \u2013 nos oferece sambas, choros e at\u00e9 um samba-maxixe, ou seja, ritmos caracter\u00edsticos das gafieiras. \u00c9 um trabalho que merece o nosso TM, e por certo ir\u00e1 agradar aos f\u00e3s de m\u00fasica brasileira em geral. A conferir no GTM, sem falta.<\/div>\n<div class=\"separator\">\u00a0<\/div>\n<div class=\"separator\">o samba brasileiro<\/div>\n<div class=\"separator\">conversar de botequim<\/div>\n<div class=\"separator\">burilando<\/div>\n<div class=\"separator\">eu n\u00e3o tenho onde morar<\/div>\n<div class=\"separator\">teleco teco n\u00ba2<\/div>\n<div class=\"separator\">violino na gafieira<\/div>\n<div class=\"separator\">um chorinho diferente<\/div>\n<div class=\"separator\">oba<\/div>\n<div class=\"separator\">candongo no choro<\/div>\n<div class=\"separator\">n\u00e3o vou mais l\u00e1<\/div>\n<div class=\"separator\">b\u00e1<\/div>\n<div class=\"separator\">castiguei<\/div>\n<div class=\"separator\">\u00a0<\/div>\n<div class=\"separator\">\u00a0<\/div>\n<div class=\"separator\">.\u00a0<\/div>\n\n\n<p><\/p>\n","protected":false},"excerpt":{"rendered":"<p>Ol\u00e1, amigos cultos e ocultos! Hoje o Toque Musical est\u00e1 trazendo para voc\u00eas um disco do violinista Gabriel Ant\u00f4nio de Azeredo, tamb\u00e9m conhecido por Baiano, e que tamb\u00e9m era fabricante de contrabaixos e violinos. \u00c9 \u201cViolino na gafieira\u201d, lan\u00e7ado pela &hellip; <a href=\"https:\/\/www.toque-musicall.com\/?p=7973\">Continue lendo <span class=\"meta-nav\">&rarr;<\/span><\/a><\/p>\n","protected":false},"author":1,"featured_media":0,"comment_status":"closed","ping_status":"closed","sticky":false,"template":"","format":"standard","meta":{"footnotes":""},"categories":[2162,4038,48],"tags":[4037,4039,3012],"class_list":["post-7973","post","type-post","status-publish","format-standard","hentry","category-gabriel-e-seu-violino","category-gabriel-e-sua-rabeca","category-selo-philips","tag-gabriel-e-seu-violino","tag-gabriel-e-sua-rabeca","tag-selo-philips"],"_links":{"self":[{"href":"https:\/\/www.toque-musicall.com\/index.php?rest_route=\/wp\/v2\/posts\/7973","targetHints":{"allow":["GET"]}}],"collection":[{"href":"https:\/\/www.toque-musicall.com\/index.php?rest_route=\/wp\/v2\/posts"}],"about":[{"href":"https:\/\/www.toque-musicall.com\/index.php?rest_route=\/wp\/v2\/types\/post"}],"author":[{"embeddable":true,"href":"https:\/\/www.toque-musicall.com\/index.php?rest_route=\/wp\/v2\/users\/1"}],"replies":[{"embeddable":true,"href":"https:\/\/www.toque-musicall.com\/index.php?rest_route=%2Fwp%2Fv2%2Fcomments&post=7973"}],"version-history":[{"count":1,"href":"https:\/\/www.toque-musicall.com\/index.php?rest_route=\/wp\/v2\/posts\/7973\/revisions"}],"predecessor-version":[{"id":7974,"href":"https:\/\/www.toque-musicall.com\/index.php?rest_route=\/wp\/v2\/posts\/7973\/revisions\/7974"}],"wp:attachment":[{"href":"https:\/\/www.toque-musicall.com\/index.php?rest_route=%2Fwp%2Fv2%2Fmedia&parent=7973"}],"wp:term":[{"taxonomy":"category","embeddable":true,"href":"https:\/\/www.toque-musicall.com\/index.php?rest_route=%2Fwp%2Fv2%2Fcategories&post=7973"},{"taxonomy":"post_tag","embeddable":true,"href":"https:\/\/www.toque-musicall.com\/index.php?rest_route=%2Fwp%2Fv2%2Ftags&post=7973"}],"curies":[{"name":"wp","href":"https:\/\/api.w.org\/{rel}","templated":true}]}}