{"id":7975,"date":"2020-11-16T09:23:00","date_gmt":"2020-11-16T12:23:00","guid":{"rendered":"http:\/\/www.toque-musicall.com\/?p=7975"},"modified":"2020-11-19T09:26:14","modified_gmt":"2020-11-19T12:26:14","slug":"kuntz-negle-midnight-dance-1957","status":"publish","type":"post","link":"https:\/\/www.toque-musicall.com\/?p=7975","title":{"rendered":"Kuntz Negle &#8211; Midnight Dance (1957)"},"content":{"rendered":"\n<figure class=\"wp-block-image size-large\"><img decoding=\"async\" src=\"https:\/\/1.bp.blogspot.com\/-osm863NxlE8\/X7ZG9TkSTaI\/AAAAAAAASb4\/9khzsUAz7dI-HCLJVOs8SKKza5wT41GNACLcBGAsYHQ\/w640-h626\/Anota%25C3%25A7%25C3%25A3o%2B2020-10-12%2B073828.JPG\" alt=\"\"\/><\/figure>\n\n\n\n<figure class=\"wp-block-image size-large\"><img decoding=\"async\" src=\"https:\/\/1.bp.blogspot.com\/-AYw1NkhR4ck\/X7ZHIhKQX6I\/AAAAAAAASb8\/Nyu3JzE3CIk_eZxa-kThCw_3PEKpVm4AgCLcBGAsYHQ\/w624-h640\/Anota%25C3%25A7%25C3%25A3o%2B2020-10-12%2B073926.JPG\" alt=\"\"\/><\/figure>\n\n\n<p>Ol\u00e1, prezados amigos cultos e ocultos! Hoje apresentamos o \u00e1lbum \u201cMidnight dance\u201d, ao que parece o \u00fanico trabalho-solo do clarinetista e saxofonista Kuntz Negle \u00e0 frente de sua orquestra, lan\u00e7ado pela Musidisc de Nilo S\u00e9rgio em 1957, j\u00e1 no formato-padr\u00e3o de doze polegadas. Quase nada se sabe a respeito desse m\u00fasico, a n\u00e3o ser que ele fez parte dos grupos Os Copacabana, Sambossa 5 e Copa Combo, al\u00e9m de ter possu\u00eddo conjunto pr\u00f3prio. No repert\u00f3rio deste disco, por sinal muito bem gravado para os padr\u00f5es da \u00e9poca, uma sele\u00e7\u00e3o de cl\u00e1ssicos da m\u00fasica popular norte-americana, com exce\u00e7\u00e3o de duas faixas, a mexicana \u201cCaramelito\u201d e a espanhola \u201cLa macare\u00f1a\u201c. \u00c9 um trabalho muito interessante e de qualidade, que, embora j\u00e1 tenha feito parte do blog Parallel Realities, merece tamb\u00e9m o nosso Toque Musical. A conferir no GTM sem falta.<\/p>\n<p>somenthing gotta give<\/p>\n<p>the night has a thousand eyes<\/p>\n<p>tenderly<\/p>\n<p>ebb tide<\/p>\n<p>caramelito<\/p>\n<p>dancing in the dark<\/p>\n<p>la macare\u00f1a<\/p>\n<p>i&#8217;ll see you in my dreams<\/p>\n<p>luluby of birdland<\/p>\n<p>love me or leave me<\/p>\n<p>because of you<\/p>\n<p>artistry in rhythm<\/p>\n<p>\u00a0<\/p>\n<p>*Texto de Samuel Machado Filho<\/p>\n<p>\u00a0<\/p>\n<div class=\"separator\">\u00a0<\/div>\n\n\n<p><\/p>\n","protected":false},"excerpt":{"rendered":"<p>Ol\u00e1, prezados amigos cultos e ocultos! Hoje apresentamos o \u00e1lbum \u201cMidnight dance\u201d, ao que parece o \u00fanico trabalho-solo do clarinetista e saxofonista Kuntz Negle \u00e0 frente de sua orquestra, lan\u00e7ado pela Musidisc de Nilo S\u00e9rgio em 1957, j\u00e1 no formato-padr\u00e3o &hellip; <a href=\"https:\/\/www.toque-musicall.com\/?p=7975\">Continue lendo <span class=\"meta-nav\">&rarr;<\/span><\/a><\/p>\n","protected":false},"author":1,"featured_media":0,"comment_status":"closed","ping_status":"closed","sticky":false,"template":"","format":"standard","meta":{"footnotes":""},"categories":[4041,35],"tags":[4040,3514],"class_list":["post-7975","post","type-post","status-publish","format-standard","hentry","category-kuntz-negle","category-selo-musidisc","tag-kuntz-negle","tag-selo-musidisc"],"_links":{"self":[{"href":"https:\/\/www.toque-musicall.com\/index.php?rest_route=\/wp\/v2\/posts\/7975","targetHints":{"allow":["GET"]}}],"collection":[{"href":"https:\/\/www.toque-musicall.com\/index.php?rest_route=\/wp\/v2\/posts"}],"about":[{"href":"https:\/\/www.toque-musicall.com\/index.php?rest_route=\/wp\/v2\/types\/post"}],"author":[{"embeddable":true,"href":"https:\/\/www.toque-musicall.com\/index.php?rest_route=\/wp\/v2\/users\/1"}],"replies":[{"embeddable":true,"href":"https:\/\/www.toque-musicall.com\/index.php?rest_route=%2Fwp%2Fv2%2Fcomments&post=7975"}],"version-history":[{"count":1,"href":"https:\/\/www.toque-musicall.com\/index.php?rest_route=\/wp\/v2\/posts\/7975\/revisions"}],"predecessor-version":[{"id":7976,"href":"https:\/\/www.toque-musicall.com\/index.php?rest_route=\/wp\/v2\/posts\/7975\/revisions\/7976"}],"wp:attachment":[{"href":"https:\/\/www.toque-musicall.com\/index.php?rest_route=%2Fwp%2Fv2%2Fmedia&parent=7975"}],"wp:term":[{"taxonomy":"category","embeddable":true,"href":"https:\/\/www.toque-musicall.com\/index.php?rest_route=%2Fwp%2Fv2%2Fcategories&post=7975"},{"taxonomy":"post_tag","embeddable":true,"href":"https:\/\/www.toque-musicall.com\/index.php?rest_route=%2Fwp%2Fv2%2Ftags&post=7975"}],"curies":[{"name":"wp","href":"https:\/\/api.w.org\/{rel}","templated":true}]}}