{"id":7981,"date":"2020-11-19T10:33:00","date_gmt":"2020-11-19T13:33:00","guid":{"rendered":"http:\/\/www.toque-musicall.com\/?p=7981"},"modified":"2020-11-20T10:37:49","modified_gmt":"2020-11-20T13:37:49","slug":"willy-king-e-seu-conjunto-verao-dancante-1960","status":"publish","type":"post","link":"https:\/\/www.toque-musicall.com\/?p=7981","title":{"rendered":"Willy King E Seu Conjunto &#8211; Ver\u00e3o Dan\u00e7ante (1960)"},"content":{"rendered":"\n<figure class=\"wp-block-image size-large\"><img decoding=\"async\" src=\"https:\/\/1.bp.blogspot.com\/-QAv28Kl1ca4\/X7e3Y86PHuI\/AAAAAAAASdc\/2f5_US6OmespYvTnNRv49QrY9mGYaHGCgCLcBGAsYHQ\/w640-h636\/Anota%25C3%25A7%25C3%25A3o%2B2020-11-20%2B093154.jpg\" alt=\"\"\/><\/figure>\n\n\n\n<figure class=\"wp-block-image size-large\"><img decoding=\"async\" src=\"https:\/\/1.bp.blogspot.com\/-lL43v1qz-TE\/X7e3n8ICNCI\/AAAAAAAASds\/__9DffjLO3EuUmgwCA_KkjJ3qVTlv_63ACLcBGAsYHQ\/w632-h640\/Anota%25C3%25A7%25C3%25A3o%2B2020-11-20%2B091511.jpg\" alt=\"\"\/><\/figure>\n\n\n\n<figure class=\"wp-block-image size-large\"><img decoding=\"async\" src=\"https:\/\/1.bp.blogspot.com\/-mPWhKvo-YfM\/X7e3nga2-FI\/AAAAAAAASdk\/ITyN1wp7rEYj2S3uyLb8hS82TOZzN8-HQCLcBGAsYHQ\/w638-h640\/Anota%25C3%25A7%25C3%25A3o%2B2020-11-20%2B091232.jpg\" alt=\"\"\/><\/figure>\n\n\n\n<figure class=\"wp-block-image size-large\"><img decoding=\"async\" src=\"https:\/\/1.bp.blogspot.com\/-POxxS3Njz6I\/X7e37BjbOqI\/AAAAAAAASeE\/j1ES2fTEyfwG-Qgc8tbzLXcqIQHBs4lZgCLcBGAsYHQ\/w640-h640\/Anota%25C3%25A7%25C3%25A3o%2B2020-11-20%2B091421.jpg\" alt=\"\"\/><\/figure>\n\n\n<div>Bom dia, meus caros amigos cultos e ocultos! Fazendo valer a m\u00e1xima de que aqui \u00e9 um lugar para se ouvir m\u00fasica com outros olhos, eu desta vez estou trazendo um disquinho interessante, resgatado em minha \u00faltima garimpada pelos sebos da cidade. E se tem uma coisa que eu gosto \u00e9 de discos obscuros, aqueles que passaram um vida inteira enfiados em algum canto e de uma hora para outra a gente descobre. \u00c9 o caso deste \u00e1lbum singular, de um selo o qual eu nunca tinha ouvido falar e que por certo, infelizmente, n\u00e3o vingou. Trata-se de um \u00e1lbum luxuoso, de capa dupla e conceitual, como se pode ver na imagens. No texto interno, embora grande, n\u00e3o acrescenta muito, mas fica claro que este \u00e9 o primeiro projeto de uma gravadora que estava nascendo, a HIT. E para tal estreia eles lan\u00e7am Willy King e Seu Conjunto. A primeira vista, com este nome, parece at\u00e9 disco de blues ou de algum artista internacional. Confesso, nunca tinha ouvido falar&#8230; Da\u00ed, o neg\u00f3cio \u00e9 pesquisar, procurar no Google as informa\u00e7\u00f5es. Mas qual o qu\u00ea&#8230; Como tantas outros discos esquecidos, o m\u00e1ximo que cheguei foi ao Mercado Livre, onde por acaso algu\u00e9m estava vendendo um exemplar. No Discogs descobri que este artista e esses fonogramas j\u00e1 haviam sido lan\u00e7ados antes pelo selo Beverly e certamente ainda nos anos 50. Acredito tamb\u00e9m que &#8220;Ver\u00e3o Dan\u00e7ante&#8221; tenha sido lan\u00e7ado no final dos anos 50, mas tamb\u00e9m tem cara de 1960 e da\u00ed eu assim deixei. Chego a pensar que Willy King \u00e9 mais um daqueles pseud\u00f4nimos usado por algum artista nacional para alimentar um &#8216;cast&#8217; imagin\u00e1rio de gravadora. E aqui, neste caso, um dos muitos que me vieram em mente \u00e9 o Waldir Calmon, pois soa bem familiar. Temos aqui um disco recheado de samba, fox, bolero, cha-cha-cha e at\u00e9 o rock em seus prim\u00f3rdios. Um lp onde se destaca muito o piano, ao estilo dan\u00e7ante de Waldir Calmon, com um coro feminino. Obviamente isso \u00e9 apenas uma suposi\u00e7\u00e3o a qual eu mantenho at\u00e9 que algu\u00e9m me prove o contr\u00e1rio. Mas independente disso, musicalmente falando, o disco \u00e9 dos mais interessantes e vale uma conferida l\u00e1 no GTM.<\/div>\n<div>\u00a0<\/div>\n<div>recado<\/div>\n<div>siete notas de amor<\/div>\n<div>est\u00fapido cupido<\/div>\n<div>incantesimo<\/div>\n<div>flores e romance<\/div>\n<div>rio<\/div>\n<div>para que recordar<\/div>\n<div>petite fleur<\/div>\n<div>chap\u00e9u de tr\u00eas bicos<\/div>\n<div>the diary<\/div>\n<div>sin motivo<\/div>\n<div>cote d&#8217;azur<\/div>\n<div>indian summer<\/div>\n<div>isso \u00e9 brasil<\/div>\n<div>\u00a0<\/div>\n<div>\u00a0<\/div>\n<div>.<\/div>\n<div>\u00a0<\/div>\n<div>\u00a0<\/div>","protected":false},"excerpt":{"rendered":"<p>Bom dia, meus caros amigos cultos e ocultos! Fazendo valer a m\u00e1xima de que aqui \u00e9 um lugar para se ouvir m\u00fasica com outros olhos, eu desta vez estou trazendo um disquinho interessante, resgatado em minha \u00faltima garimpada pelos sebos &hellip; <a href=\"https:\/\/www.toque-musicall.com\/?p=7981\">Continue lendo <span class=\"meta-nav\">&rarr;<\/span><\/a><\/p>\n","protected":false},"author":1,"featured_media":0,"comment_status":"closed","ping_status":"closed","sticky":false,"template":"","format":"standard","meta":{"footnotes":""},"categories":[4047,4046],"tags":[4048,4045],"class_list":["post-7981","post","type-post","status-publish","format-standard","hentry","category-selo-hit","category-willy-king-e-seu-conjunto","tag-selo-hit","tag-willy-king-e-seu-conjunto"],"_links":{"self":[{"href":"https:\/\/www.toque-musicall.com\/index.php?rest_route=\/wp\/v2\/posts\/7981","targetHints":{"allow":["GET"]}}],"collection":[{"href":"https:\/\/www.toque-musicall.com\/index.php?rest_route=\/wp\/v2\/posts"}],"about":[{"href":"https:\/\/www.toque-musicall.com\/index.php?rest_route=\/wp\/v2\/types\/post"}],"author":[{"embeddable":true,"href":"https:\/\/www.toque-musicall.com\/index.php?rest_route=\/wp\/v2\/users\/1"}],"replies":[{"embeddable":true,"href":"https:\/\/www.toque-musicall.com\/index.php?rest_route=%2Fwp%2Fv2%2Fcomments&post=7981"}],"version-history":[{"count":1,"href":"https:\/\/www.toque-musicall.com\/index.php?rest_route=\/wp\/v2\/posts\/7981\/revisions"}],"predecessor-version":[{"id":7982,"href":"https:\/\/www.toque-musicall.com\/index.php?rest_route=\/wp\/v2\/posts\/7981\/revisions\/7982"}],"wp:attachment":[{"href":"https:\/\/www.toque-musicall.com\/index.php?rest_route=%2Fwp%2Fv2%2Fmedia&parent=7981"}],"wp:term":[{"taxonomy":"category","embeddable":true,"href":"https:\/\/www.toque-musicall.com\/index.php?rest_route=%2Fwp%2Fv2%2Fcategories&post=7981"},{"taxonomy":"post_tag","embeddable":true,"href":"https:\/\/www.toque-musicall.com\/index.php?rest_route=%2Fwp%2Fv2%2Ftags&post=7981"}],"curies":[{"name":"wp","href":"https:\/\/api.w.org\/{rel}","templated":true}]}}