{"id":7988,"date":"2020-11-22T18:48:24","date_gmt":"2020-11-22T21:48:24","guid":{"rendered":"http:\/\/www.toque-musicall.com\/?p=7988"},"modified":"2020-11-23T19:12:02","modified_gmt":"2020-11-23T22:12:02","slug":"calendario-musical-renner-1961-1961","status":"publish","type":"post","link":"https:\/\/www.toque-musicall.com\/?p=7988","title":{"rendered":"Calend\u00e1rio Musical Renner 1961 (1961)"},"content":{"rendered":"\n<figure class=\"wp-block-image size-large\"><img decoding=\"async\" src=\"https:\/\/1.bp.blogspot.com\/-0E7Z7NfdUnQ\/X7o-05SBfqI\/AAAAAAAASfg\/4nia6oFC14sFmC_evPgVPCCJZEGP86bRQCLcBGAsYHQ\/w640-h630\/Anota%25C3%25A7%25C3%25A3o%2B2020-11-21%2B054648.jpg\" alt=\"\"\/><\/figure>\n\n\n\n<figure class=\"wp-block-image size-large\"><img decoding=\"async\" src=\"https:\/\/1.bp.blogspot.com\/-s_JqgDxSbbY\/X7o-05g6zmI\/AAAAAAAASfk\/_mhog10OY3YO9w1wzpX5srKN6h6M5FlowCLcBGAsYHQ\/w640-h636\/Anota%25C3%25A7%25C3%25A3o%2B2020-11-21%2B054837.jpg\" alt=\"\"\/><\/figure>\n\n\n<div class=\"separator\">Bom dia a todos, amigos cultos e ocultos! Temos para este domingo um lp muito bem datado, prestes a completar 60 anos. Um disco calend\u00e1rio, do ano de 1961 (boa safra, diga-se de passagem) criado para a ind\u00fastria ga\u00facha de roupas Renner, que em 1965 se tornaria as Lojas Renner, como a conhecemos hoje em dia. Neste lp, celebrando o ano de 1961, eles conseguiram um feito, reunir um time de artistas de v\u00e1rios selos para gravarem um disco realmente excepcional, onde cada faixa representa um m\u00eas do ano. Est\u00e1 a\u00ed uma interessante raridade para qualquer colecionador de discos de m\u00fasica popular brasileira, pois sendo um lp promocional, n\u00e3o comercial, brinde da Renner, certamente teve uma tiragem limitada e assim, poucos devem ainda existir. Outra coisa que faz este disco ser uma raridade \u00e9 o fato de que temos aqui uma sele\u00e7\u00e3o musical composta especialmente por Miguel Gustavo para essa produ\u00e7\u00e3o. Miguel Gustavo foi um compositor, jornalista, radialista e poeta. J\u00e1 tivemos a oportunidade de postar aqui outros discos com m\u00fasicas de sua autoria. Nos anos 50 ele come\u00e7ou compondo jingles (m\u00fasica para propagandas) que se tornaram muito populares, sendo ainda hoje lembrados por muitos de n\u00f3s. Como compositor popular, seu primeiro grande sucesso foi ao lado de Ataulfo Alves com quem comp\u00f4s &#8220;O que \u00e9 que eu vou dizer em casa&#8221;, em 1947. Por certo, Miguel Gustavo foi um grande compositor popular e muitas de suas m\u00fasicas s\u00e3o sucessos incontest\u00e1veis, os quais nem vou listar pois s\u00e3o muitos. E aqui neste \u00e1lbum super bacana temos dele todas as faixas interpretadas por, Roberto Silva; Jorge Veiga; L\u00facio Alves; Carequinha; Altamiro Carrilho; Conjunto Farroupilha; Luiz Vieira; Dircinha Batista; S\u00f4nia Delfino; Elizeth Cardoso; Jorge Goulart e Luciene Franco. E ainda, completando a obra, temos a vinheta jingle, &#8220;Roupa \u00e9 roupa Renner&#8221;, com Britinho e Orquestra Columbia, no in\u00edcio e final do vinil. Um disco realmente dos mais interessantes. Confiram no GTM&#8230;<\/div>\n<div class=\"separator\">\u00a0<\/div>\n<div class=\"separator\">roupa \u00e9 roupa renner &#8211; britinho com orquestra columbia<\/div>\n<div class=\"separator\">janeiro &#8211; ano bom &#8211; luciene franco, c\u00f4ro e orquestra<\/div>\n<div class=\"separator\">fevereiro &#8211; chegou o carnaval &#8211; dircinha batista e escola de samba<\/div>\n<div class=\"separator\">mar\u00e7o &#8211; volta as aulas &#8211; sonia delfino, c\u00f4ro e orquestra<\/div>\n<div class=\"separator\">abril &#8211; marcha de bras\u00edlia &#8211; jorge goulart, c\u00f4ro e banda<\/div>\n<div class=\"separator\">maio &#8211; dia da m\u00e3es &#8211; elizete cardoso<\/div>\n<div class=\"separator\">junho &#8211; s\u00e3o jo\u00e3o &#8211; luiz vieira e banda<\/div>\n<div class=\"separator\">julho &#8211; dia da vov\u00f3 &#8211; roberto silva e c\u00f4ro infantil<\/div>\n<div class=\"separator\">agosto &#8211; dia do papai &#8211; jorge veiga com orquestra<\/div>\n<div class=\"separator\">setembro &#8211; primavera &#8211; l\u00facio alves, c\u00f4ro e orquestra<\/div>\n<div class=\"separator\">outubro &#8211; dia das crian\u00e7as &#8211; carequinha, regina e c\u00f4ro infantil<\/div>\n<div class=\"separator\">novembro &#8211; recorda\u00e7\u00f5es &#8211; altamiro carrilho e conjunto seresta<\/div>\n<div class=\"separator\">dezembro &#8211; dia de natal &#8211; conjunto farroupilha<\/div>\n<div class=\"separator\">roupa \u00e9 roupa renner &#8211; britinho com orquestra columbia<\/div>\n<div class=\"separator\">\u00a0<\/div>\n<div class=\"separator\">\u00a0<\/div>\n<div class=\"separator\">.<\/div>\n\n\n<p><\/p>\n","protected":false},"excerpt":{"rendered":"<p>Bom dia a todos, amigos cultos e ocultos! Temos para este domingo um lp muito bem datado, prestes a completar 60 anos. Um disco calend\u00e1rio, do ano de 1961 (boa safra, diga-se de passagem) criado para a ind\u00fastria ga\u00facha de &hellip; <a href=\"https:\/\/www.toque-musicall.com\/?p=7988\">Continue lendo <span class=\"meta-nav\">&rarr;<\/span><\/a><\/p>\n","protected":false},"author":1,"featured_media":0,"comment_status":"closed","ping_status":"closed","sticky":false,"template":"","format":"standard","meta":{"footnotes":""},"categories":[4056,4057],"tags":[4058,4055],"class_list":["post-7988","post","type-post","status-publish","format-standard","hentry","category-calendario-musical-renner","category-selo-promocional","tag-calendario-musical-renner","tag-selo-promocional"],"_links":{"self":[{"href":"https:\/\/www.toque-musicall.com\/index.php?rest_route=\/wp\/v2\/posts\/7988","targetHints":{"allow":["GET"]}}],"collection":[{"href":"https:\/\/www.toque-musicall.com\/index.php?rest_route=\/wp\/v2\/posts"}],"about":[{"href":"https:\/\/www.toque-musicall.com\/index.php?rest_route=\/wp\/v2\/types\/post"}],"author":[{"embeddable":true,"href":"https:\/\/www.toque-musicall.com\/index.php?rest_route=\/wp\/v2\/users\/1"}],"replies":[{"embeddable":true,"href":"https:\/\/www.toque-musicall.com\/index.php?rest_route=%2Fwp%2Fv2%2Fcomments&post=7988"}],"version-history":[{"count":2,"href":"https:\/\/www.toque-musicall.com\/index.php?rest_route=\/wp\/v2\/posts\/7988\/revisions"}],"predecessor-version":[{"id":7990,"href":"https:\/\/www.toque-musicall.com\/index.php?rest_route=\/wp\/v2\/posts\/7988\/revisions\/7990"}],"wp:attachment":[{"href":"https:\/\/www.toque-musicall.com\/index.php?rest_route=%2Fwp%2Fv2%2Fmedia&parent=7988"}],"wp:term":[{"taxonomy":"category","embeddable":true,"href":"https:\/\/www.toque-musicall.com\/index.php?rest_route=%2Fwp%2Fv2%2Fcategories&post=7988"},{"taxonomy":"post_tag","embeddable":true,"href":"https:\/\/www.toque-musicall.com\/index.php?rest_route=%2Fwp%2Fv2%2Ftags&post=7988"}],"curies":[{"name":"wp","href":"https:\/\/api.w.org\/{rel}","templated":true}]}}