{"id":8044,"date":"2020-12-08T11:58:00","date_gmt":"2020-12-08T14:58:00","guid":{"rendered":"http:\/\/www.toque-musicall.com\/?p=8044"},"modified":"2020-12-13T12:17:51","modified_gmt":"2020-12-13T15:17:51","slug":"festival-de-jazz-2o-grande-concerto-1957","status":"publish","type":"post","link":"https:\/\/www.toque-musicall.com\/?p=8044","title":{"rendered":"Festival De Jazz &#8211; 2\u00ba Grande Concerto (1957)"},"content":{"rendered":"\n<figure class=\"wp-block-image size-large\"><img decoding=\"async\" src=\"https:\/\/1.bp.blogspot.com\/-Xb8AXBMSgs0\/X9QGeZd6WeI\/AAAAAAAASoc\/z_u-L17ajg8H23IF6DVK6UGeEkGUV6U7gCLcBGAsYHQ\/w640-h626\/Anota%25C3%25A7%25C3%25A3o%2B2020-12-11%2B204329.jpg\" alt=\"\"\/><\/figure>\n\n\n\n<figure class=\"wp-block-image size-large\"><img decoding=\"async\" src=\"https:\/\/1.bp.blogspot.com\/-APtQyAuOYhQ\/X9QGerzL2AI\/AAAAAAAASog\/zz24q0eIPlAaA3esMGjyoLtEuIKRt1O1ACLcBGAsYHQ\/w640-h628\/Anota%25C3%25A7%25C3%25A3o%2B2020-12-11%2B204249.jpg\" alt=\"\"\/><\/figure>\n\n\n<div class=\"separator\">Boa noite, amigos cultos e ocultos! C\u00e1 estamos com mais um toque musical e como j\u00e1 deu para voc\u00eas perceberem, entramos em dezembro com uma sele\u00e7\u00e3o &#8216;fonomusical&#8217; das mais interessantes. Hoje temos este lp lan\u00e7ado pela Sinter, &#8220;Festival de Jazz &#8211; 2\u00ba Grande Concerto&#8221;. Este \u00e9 um disco bem raro e que dificilmente ainda podemos encontrar um exemplar dispon\u00edvel no Mercado Livre ou Discogs Um disco de jazz, brasileiro e ainda dos anos 50! Conforme o texto de contra capa (ali\u00e1s, diga-se de passagem, uma ficha completa), no dia 26 de novembro de 1956 aconteceu no Golden Room do Copacabana Palace o &#8220;2\u00ba Grande Concerto Brasileiro de Jazz, organizado por Jorge Guinle e um grupo de outros amantes de jazz americano. Neste registro fonogr\u00e1fico aparecem as orquestras e conjuntos de H\u00e9lio Marinho, Julinho BarbosaCip\u00f3, Cl\u00e9lio, K-Ximbinho, Kuntz Negle e tamb\u00e9m apresentando o Conjunto Farroupilha e a cantora Julie Joy. Ao que tudo indica, este lp foi gravado ao vivo, ou seja, em pleno show, apesar de &#8216;for\u00e7a\u00e7\u00e3o&#8217; com aplausos e gritinhos mal colocados no final de cada m\u00fasica. No entanto, n\u00e3o deixa de ser um disco memor\u00e1vel. Confiram no GTM&#8230;<\/div>\n<div class=\"separator\">\u00a0<\/div>\n<div class=\"separator\">atonal &#8211; orquestra h\u00e9lio marinho<\/div>\n<div class=\"separator\">samba que eu quero ver &#8211; conjunto de clelio<\/div>\n<div class=\"separator\">tenderly &#8211; conjunto de kaximbinho e julie joy<\/div>\n<div>but not for me &#8211; conjunto de j\u00falio barbosa<\/div>\n<div class=\"separator\">is walked bud &#8211; conjunto de kuntz<\/div>\n<div class=\"separator\">i know that you snow &#8211; conjunto de cip\u00f3<\/div>\n<div class=\"separator\">tema para dois &#8211; conjunto de cip\u00f3<\/div>\n<div class=\"separator\">kachentema &#8211; conjunto de kaximbinho<\/div>\n<div class=\"separator\">how high the moon &#8211; conjunto de kuntz<\/div>\n<div class=\"separator\">jacques diraque &#8211; conjunto de cip\u00f3 e conjunto farroupilha<\/div>\n<div class=\"separator\">bop-ciponato &#8211; conjunto de cip\u00f3<\/div>\n<div class=\"separator\">\u00a0<\/div>\n<div class=\"separator\">\u00a0<\/div>\n<div class=\"separator\">\u00a0<\/div>","protected":false},"excerpt":{"rendered":"<p>Boa noite, amigos cultos e ocultos! C\u00e1 estamos com mais um toque musical e como j\u00e1 deu para voc\u00eas perceberem, entramos em dezembro com uma sele\u00e7\u00e3o &#8216;fonomusical&#8217; das mais interessantes. Hoje temos este lp lan\u00e7ado pela Sinter, &#8220;Festival de Jazz &hellip; <a href=\"https:\/\/www.toque-musicall.com\/?p=8044\">Continue lendo <span class=\"meta-nav\">&rarr;<\/span><\/a><\/p>\n","protected":false},"author":1,"featured_media":0,"comment_status":"closed","ping_status":"closed","sticky":false,"template":"","format":"standard","meta":{"footnotes":""},"categories":[2146,4090,4093,4095,4094,4042,4041,1200,261],"tags":[4098,4101,4097,4099,4102,4044,4040,4100,3597],"class_list":["post-8044","post","type-post","status-publish","format-standard","hentry","category-conjunto-farroupilha","category-festival-de-jazz","category-helio-marinho","category-julie-joy","category-julio-barbosa","category-k-ximbinho","category-kuntz-negle","category-maestro-cipo","category-selo-sinter","tag-conjunto-de-clelio","tag-conjunto-farroupilha","tag-helio-marinho","tag-julie-joy","tag-julio-barbosa","tag-k-ximbinho","tag-kuntz-negle","tag-maestro-cipo","tag-selo-sinter"],"_links":{"self":[{"href":"https:\/\/www.toque-musicall.com\/index.php?rest_route=\/wp\/v2\/posts\/8044","targetHints":{"allow":["GET"]}}],"collection":[{"href":"https:\/\/www.toque-musicall.com\/index.php?rest_route=\/wp\/v2\/posts"}],"about":[{"href":"https:\/\/www.toque-musicall.com\/index.php?rest_route=\/wp\/v2\/types\/post"}],"author":[{"embeddable":true,"href":"https:\/\/www.toque-musicall.com\/index.php?rest_route=\/wp\/v2\/users\/1"}],"replies":[{"embeddable":true,"href":"https:\/\/www.toque-musicall.com\/index.php?rest_route=%2Fwp%2Fv2%2Fcomments&post=8044"}],"version-history":[{"count":1,"href":"https:\/\/www.toque-musicall.com\/index.php?rest_route=\/wp\/v2\/posts\/8044\/revisions"}],"predecessor-version":[{"id":8045,"href":"https:\/\/www.toque-musicall.com\/index.php?rest_route=\/wp\/v2\/posts\/8044\/revisions\/8045"}],"wp:attachment":[{"href":"https:\/\/www.toque-musicall.com\/index.php?rest_route=%2Fwp%2Fv2%2Fmedia&parent=8044"}],"wp:term":[{"taxonomy":"category","embeddable":true,"href":"https:\/\/www.toque-musicall.com\/index.php?rest_route=%2Fwp%2Fv2%2Fcategories&post=8044"},{"taxonomy":"post_tag","embeddable":true,"href":"https:\/\/www.toque-musicall.com\/index.php?rest_route=%2Fwp%2Fv2%2Ftags&post=8044"}],"curies":[{"name":"wp","href":"https:\/\/api.w.org\/{rel}","templated":true}]}}