{"id":8053,"date":"2020-12-11T11:43:00","date_gmt":"2020-12-11T14:43:00","guid":{"rendered":"http:\/\/www.toque-musicall.com\/?p=8053"},"modified":"2020-12-14T11:49:30","modified_gmt":"2020-12-14T14:49:30","slug":"papudinho-e-carlos-piper-e-sua-orquestra-um-piston-bossa-nova-1963","status":"publish","type":"post","link":"https:\/\/www.toque-musicall.com\/?p=8053","title":{"rendered":"Papudinho E Carlos Piper E Sua Orquestra &#8211; Um Piston Bossa Nova (1963)"},"content":{"rendered":"\n<figure class=\"wp-block-image size-large\"><img decoding=\"async\" src=\"https:\/\/1.bp.blogspot.com\/-LkmUj8xjGe8\/X9dpfTAnn7I\/AAAAAAAASpk\/ZhOhucP4098vlG5mNIhyyW1m_joIGHMwwCLcBGAsYHQ\/w640-h632\/Anota%25C3%25A7%25C3%25A3o%2B2020-12-14%2B102617.jpg\" alt=\"\"\/><\/figure>\n\n\n\n<figure class=\"wp-block-image size-large\"><img decoding=\"async\" src=\"https:\/\/1.bp.blogspot.com\/-XhQmf6gxA9A\/X9dppnwd9kI\/AAAAAAAASps\/CfEmZpbSVIQ4wyiBINrwvX6fn_xi_gk-QCLcBGAsYHQ\/w634-h640\/Anota%25C3%25A7%25C3%25A3o%2B2020-12-14%2B102303.jpg\" alt=\"\"\/><\/figure>\n\n\n<div class=\"separator\">Bom dia. amigos cultos e ocultos! E segue nossa mostra de dezembro, no passo da bossa, do jazz, do samba e da can\u00e7\u00e3o popular. Hoje temos para voc\u00eas a presen\u00e7a do pernambucano Jos\u00e9 L\u00eddio Cordeiro, mais conhecido como Papudinho, um dos grandes trompetistas brasileiros. Aqui neste lp, ele divide com o maestro Carlos Piper doze sambas com a roupagem nova da \u00e9poca, a Bossa Nova. Disco lan\u00e7ado em 1963 pelo selo Philips. Muito bom, vale uma conferida&#8230;<\/div>\n<div class=\"separator\">\u00a0<\/div>\n<div class=\"separator\">n\u00e3o diga adeus<\/div>\n<div class=\"separator\">enlouqueci<\/div>\n<div class=\"separator\">maior \u00e9 deus<\/div>\n<div class=\"separator\">fita amarela<\/div>\n<div class=\"separator\">falsa baiana<\/div>\n<div class=\"separator\">volta por cima<\/div>\n<div class=\"separator\">obsess\u00e3o<\/div>\n<div class=\"separator\">cad\u00eancia do samba<\/div>\n<div class=\"separator\">fala mangueira<\/div>\n<div class=\"separator\">tem pena de mim<\/div>\n<div class=\"separator\">l\u00e1 vem a baiana<\/div>\n<div class=\"separator\">a lapa<\/div>\n<div class=\"separator\">\u00a0<\/div>\n<div class=\"separator\">\u00a0<\/div>\n<div class=\"separator\">.<\/div>","protected":false},"excerpt":{"rendered":"<p>Bom dia. amigos cultos e ocultos! E segue nossa mostra de dezembro, no passo da bossa, do jazz, do samba e da can\u00e7\u00e3o popular. Hoje temos para voc\u00eas a presen\u00e7a do pernambucano Jos\u00e9 L\u00eddio Cordeiro, mais conhecido como Papudinho, um &hellip; <a href=\"https:\/\/www.toque-musicall.com\/?p=8053\">Continue lendo <span class=\"meta-nav\">&rarr;<\/span><\/a><\/p>\n","protected":false},"author":1,"featured_media":0,"comment_status":"closed","ping_status":"closed","sticky":false,"template":"","format":"standard","meta":{"footnotes":""},"categories":[2209,4105,48],"tags":[4106,4107,3012],"class_list":["post-8053","post","type-post","status-publish","format-standard","hentry","category-carlos-piper","category-papudinho","category-selo-philips","tag-carlos-piper","tag-papudinho","tag-selo-philips"],"_links":{"self":[{"href":"https:\/\/www.toque-musicall.com\/index.php?rest_route=\/wp\/v2\/posts\/8053","targetHints":{"allow":["GET"]}}],"collection":[{"href":"https:\/\/www.toque-musicall.com\/index.php?rest_route=\/wp\/v2\/posts"}],"about":[{"href":"https:\/\/www.toque-musicall.com\/index.php?rest_route=\/wp\/v2\/types\/post"}],"author":[{"embeddable":true,"href":"https:\/\/www.toque-musicall.com\/index.php?rest_route=\/wp\/v2\/users\/1"}],"replies":[{"embeddable":true,"href":"https:\/\/www.toque-musicall.com\/index.php?rest_route=%2Fwp%2Fv2%2Fcomments&post=8053"}],"version-history":[{"count":2,"href":"https:\/\/www.toque-musicall.com\/index.php?rest_route=\/wp\/v2\/posts\/8053\/revisions"}],"predecessor-version":[{"id":8055,"href":"https:\/\/www.toque-musicall.com\/index.php?rest_route=\/wp\/v2\/posts\/8053\/revisions\/8055"}],"wp:attachment":[{"href":"https:\/\/www.toque-musicall.com\/index.php?rest_route=%2Fwp%2Fv2%2Fmedia&parent=8053"}],"wp:term":[{"taxonomy":"category","embeddable":true,"href":"https:\/\/www.toque-musicall.com\/index.php?rest_route=%2Fwp%2Fv2%2Fcategories&post=8053"},{"taxonomy":"post_tag","embeddable":true,"href":"https:\/\/www.toque-musicall.com\/index.php?rest_route=%2Fwp%2Fv2%2Ftags&post=8053"}],"curies":[{"name":"wp","href":"https:\/\/api.w.org\/{rel}","templated":true}]}}