{"id":8064,"date":"2020-12-15T09:05:00","date_gmt":"2020-12-15T12:05:00","guid":{"rendered":"http:\/\/www.toque-musicall.com\/?p=8064"},"modified":"2020-12-16T09:09:02","modified_gmt":"2020-12-16T12:09:02","slug":"osmar-milani-e-sua-orquestra-bossa-nova-das-americas-1963","status":"publish","type":"post","link":"https:\/\/www.toque-musicall.com\/?p=8064","title":{"rendered":"Osmar Milani E Sua Orquestra &#8211; Bossa Nova Das Americas (1963)"},"content":{"rendered":"\n<figure class=\"wp-block-image size-large\"><img decoding=\"async\" src=\"https:\/\/1.bp.blogspot.com\/-ZOt66X2GVzI\/X9ntewyJhZI\/AAAAAAAASq8\/6IIfwEc9JFgiZK0D0NPbOiSkwIVgZZ5UQCLcBGAsYHQ\/w640-h618\/Anota%25C3%25A7%25C3%25A3o%2B2020-12-16%2B081919.jpg\" alt=\"\"\/><\/figure>\n\n\n\n<figure class=\"wp-block-image size-large\"><img decoding=\"async\" src=\"https:\/\/1.bp.blogspot.com\/-Y31ZSztvRCY\/X9ntnNXY0vI\/AAAAAAAASrE\/ZUwPiMFp7oU7-k-PJS4S_qjXRDBLMoIVQCLcBGAsYHQ\/w640-h640\/Anota%25C3%25A7%25C3%25A3o%2B2020-12-16%2B081622.jpg\" alt=\"\"\/><\/figure>\n\n\n<div class=\"separator\">Bom dia, amigos cultos e ocultos! Hoje temos para o nosso toque este lp, de 1963, lan\u00e7ado pelo selo Fermanta, apresentado o maestro Osmar Milani e sua orquestra em, &#8220;Bossa Nova das Am\u00e9ricas&#8221;. Este disco segue a receita de muitos outros lan\u00e7ados naquela \u00e9poca, um sele\u00e7\u00e3o musical que envolve sambas e standards da m\u00fasica americana, mas tudo com muita bossa, ou seja, ao ritmo do samba. Arranjos muito bons e com muito balan\u00e7o. Confiram no GTM&#8230;.<\/div>\n<div class=\"separator\">\u00a0<\/div>\n<div class=\"separator\">balan\u00e7o das notas<\/div>\n<div class=\"separator\">i surrender dear<\/div>\n<div class=\"separator\">sambossa n\u00ba1<\/div>\n<div class=\"separator\">sophisticated lady<\/div>\n<div class=\"separator\">na cad\u00eancia do samba<\/div>\n<div class=\"separator\">soletude<\/div>\n<div class=\"separator\">waltzing cat<\/div>\n<div class=\"separator\">nen\u00e9m<\/div>\n<div class=\"separator\">i&#8217;ll buy the ring and chance your name to mine<\/div>\n<div class=\"separator\">samba na madrugada<\/div>\n<div class=\"separator\">red roses for a blue lady<\/div>\n<div class=\"separator\">minha can\u00e7\u00e3o<\/div>\n<div class=\"separator\">\u00a0<\/div>\n<div class=\"separator\">\u00a0<\/div>\n<div class=\"separator\">.<\/div>\n<div>\u00a0<\/div>","protected":false},"excerpt":{"rendered":"<p>Bom dia, amigos cultos e ocultos! Hoje temos para o nosso toque este lp, de 1963, lan\u00e7ado pelo selo Fermanta, apresentado o maestro Osmar Milani e sua orquestra em, &#8220;Bossa Nova das Am\u00e9ricas&#8221;. Este disco segue a receita de muitos &hellip; <a href=\"https:\/\/www.toque-musicall.com\/?p=8064\">Continue lendo <span class=\"meta-nav\">&rarr;<\/span><\/a><\/p>\n","protected":false},"author":1,"featured_media":0,"comment_status":"closed","ping_status":"closed","sticky":false,"template":"","format":"standard","meta":{"footnotes":""},"categories":[805,4125],"tags":[4126,3412],"class_list":["post-8064","post","type-post","status-publish","format-standard","hentry","category-osmar-milani","category-selo-fermanta","tag-osmar-milani","tag-selo-fermata"],"_links":{"self":[{"href":"https:\/\/www.toque-musicall.com\/index.php?rest_route=\/wp\/v2\/posts\/8064","targetHints":{"allow":["GET"]}}],"collection":[{"href":"https:\/\/www.toque-musicall.com\/index.php?rest_route=\/wp\/v2\/posts"}],"about":[{"href":"https:\/\/www.toque-musicall.com\/index.php?rest_route=\/wp\/v2\/types\/post"}],"author":[{"embeddable":true,"href":"https:\/\/www.toque-musicall.com\/index.php?rest_route=\/wp\/v2\/users\/1"}],"replies":[{"embeddable":true,"href":"https:\/\/www.toque-musicall.com\/index.php?rest_route=%2Fwp%2Fv2%2Fcomments&post=8064"}],"version-history":[{"count":2,"href":"https:\/\/www.toque-musicall.com\/index.php?rest_route=\/wp\/v2\/posts\/8064\/revisions"}],"predecessor-version":[{"id":8066,"href":"https:\/\/www.toque-musicall.com\/index.php?rest_route=\/wp\/v2\/posts\/8064\/revisions\/8066"}],"wp:attachment":[{"href":"https:\/\/www.toque-musicall.com\/index.php?rest_route=%2Fwp%2Fv2%2Fmedia&parent=8064"}],"wp:term":[{"taxonomy":"category","embeddable":true,"href":"https:\/\/www.toque-musicall.com\/index.php?rest_route=%2Fwp%2Fv2%2Fcategories&post=8064"},{"taxonomy":"post_tag","embeddable":true,"href":"https:\/\/www.toque-musicall.com\/index.php?rest_route=%2Fwp%2Fv2%2Ftags&post=8064"}],"curies":[{"name":"wp","href":"https:\/\/api.w.org\/{rel}","templated":true}]}}