{"id":8074,"date":"2020-12-19T08:03:00","date_gmt":"2020-12-19T11:03:00","guid":{"rendered":"http:\/\/www.toque-musicall.com\/?p=8074"},"modified":"2020-12-23T08:09:45","modified_gmt":"2020-12-23T11:09:45","slug":"orquestra-ruda-classicos-em-bossa-nova-1963","status":"publish","type":"post","link":"https:\/\/www.toque-musicall.com\/?p=8074","title":{"rendered":"Orquestra Rud\u00e1 &#8211; Cl\u00e1ssicos Em Bossa Nova (1963)"},"content":{"rendered":"\n<figure class=\"wp-block-image size-large\"><img decoding=\"async\" src=\"https:\/\/1.bp.blogspot.com\/-uoPpfwN07h0\/X-MQEi1AeuI\/AAAAAAAASsc\/qpHzBgokm24dpp1DpxpG8wGuLVxvCI9mQCLcBGAsYHQ\/w640-h632\/Anota%25C3%25A7%25C3%25A3o%2B2020-12-19%2B222936.jpg\" alt=\"\"\/><\/figure>\n\n\n\n<figure class=\"wp-block-image size-large\"><img decoding=\"async\" src=\"https:\/\/1.bp.blogspot.com\/-0wqZvfq5igE\/X-MQO2pQUeI\/AAAAAAAASsk\/LByCrSj3tCsmbCn9DzscmTEjj4STiGbwgCLcBGAsYHQ\/w640-h624\/Anota%25C3%25A7%25C3%25A3o%2B2020-12-19%2B223009.jpg\" alt=\"\"\/><\/figure>\n\n\n\n<figure class=\"wp-block-image size-large\"><img decoding=\"async\" src=\"https:\/\/1.bp.blogspot.com\/-VZi7jSmMSYk\/X-MeHI68goI\/AAAAAAAASs8\/1jANODX-XsoNouUgyINQKlU0INmSJgqCACLcBGAsYHQ\/w200-h200\/R-10528175-1560548394-3069.jpeg.jpg\" alt=\"\"\/><\/figure>\n\n\n<div class=\"separator\">Bom dia, caros amigos cultos e ocultos! Continuando nossa saga fonomusical temos para hoje a Orquestra Rud\u00e1, tamb\u00e9m conhecida como Orquestra Fantasia, de Rog\u00e9rio Duprat. Segundo informa\u00e7\u00f5es, este foi o primeiro disco de Duprat, que na \u00e9poca ainda era professor da Universidade de Bras\u00edlia, da qual acabou saindo devido ao Golpe de 64. Mudou-se para S\u00e3o Paulo e passou a trabalhar como diretor art\u00edstico de uma nova gravadora paulista, a VS (Som Ind\u00fastria Villela Santos Ltda). Conforme um texto do cantor Alberto Pav\u00e3o, que tamb\u00e9m trabalhou com Duprat, gravadora VS entrou no mercado fonogr\u00e1fico com muita ambi\u00e7\u00e3o. Era dirigida pelo radialista Ataliba Santos em sociedade com o empres\u00e1rio Paulo Villela. Criaram dois selos, o VS comercial, no qual lan\u00e7ava lps e compactos do elenco da gravadora e tamb\u00e9m o selo Penthon que era destinado a produ\u00e7\u00e3o de lps vendidos a domic\u00edlio, tal qual fazia a Odeon com seu selo Imperial, ou como o selo mineiro Paladium. O selo Penthon era para assinantes e n\u00e3o era vendido em lojas. Da\u00ed a raz\u00e3o pela qual este lp ser hoje uma raridade, pois a produ\u00e7\u00e3o foi limitada, embora e ao que parece, tamb\u00e9m chegou a ser lan\u00e7ado pelo selo comercial. Na vers\u00e3o &#8216;venda a domic\u00edlio&#8217; o disco apresentava uma outra capa, como podemos ver nas imagens menores. &#8220;Cl\u00e1ssicos em Bossa Nova&#8221; foi um disco inovador, pois seguindo projetos semelhantes, como os discos do maestro Peruzzi na RGE e depois MGL, onde este misturava ritmos de samba para m\u00fasicas cl\u00e1ssicas, aqui, com a Orquestra Rud\u00e1 ele faz algo parecido, s\u00f3 que atrav\u00e9s do batido da Bossa Nova. \u00c9, sem d\u00favida, um disco dos mais interessantes e na \u00e9poca chegou a chamar a aten\u00e7\u00e3o. Aqui no Toque Musical ele agora se eterniza, pois em outros tempos j\u00e1 havia sido publicado nos finados blogs Abracadabra e Loronix. Confiram no GTM&#8230;<\/div>\n<div class=\"separator\">\u00a0<\/div>\n<div class=\"separator\">abertura, do guarani &#8211; carlos gomes<\/div>\n<div class=\"separator\">valsa, opus 61 n\u00ba1 em l\u00e1 bemol &#8211; chopin<\/div>\n<div class=\"separator\">andantino &#8211; quarta sinfonia de tschaikowsky<\/div>\n<div class=\"separator\">tema de concerto para piano opus 54 &#8211; schuman<\/div>\n<div class=\"separator\">noturno opus 9 n\u00ba 2 em mi bemol &#8211; chopin<\/div>\n<div class=\"separator\">preludio e brinde da traviata &#8211; verdi<\/div>\n<div class=\"separator\">dan\u00e7a macabra &#8211; saens<\/div>\n<div class=\"separator\">tema do 1\u00ba movimento das sinfonias 4\u00aa de brahms e 5\u00aa de beethoven<\/div>\n<div class=\"separator\">o cisne &#8211; saens<\/div>\n<div class=\"separator\">andante cantabile 5\u00aa sinfonia de tschaikowsky<\/div>\n<div class=\"separator\">\u00a0<\/div>\n<div>\u00a0<\/div>\n<div>.<\/div>","protected":false},"excerpt":{"rendered":"<p>Bom dia, caros amigos cultos e ocultos! Continuando nossa saga fonomusical temos para hoje a Orquestra Rud\u00e1, tamb\u00e9m conhecida como Orquestra Fantasia, de Rog\u00e9rio Duprat. Segundo informa\u00e7\u00f5es, este foi o primeiro disco de Duprat, que na \u00e9poca ainda era professor &hellip; <a href=\"https:\/\/www.toque-musicall.com\/?p=8074\">Continue lendo <span class=\"meta-nav\">&rarr;<\/span><\/a><\/p>\n","protected":false},"author":1,"featured_media":0,"comment_status":"closed","ping_status":"closed","sticky":false,"template":"","format":"standard","meta":{"footnotes":""},"categories":[4133,465,4132,546],"tags":[4134,4131,4135,3700],"class_list":["post-8074","post","type-post","status-publish","format-standard","hentry","category-orquestra-ruda","category-rogerio-duprat","category-selo-penthon","category-selo-vs","tag-orquestra-ruda","tag-rogerio-duprat","tag-selo-penthon","tag-selo-vs"],"_links":{"self":[{"href":"https:\/\/www.toque-musicall.com\/index.php?rest_route=\/wp\/v2\/posts\/8074","targetHints":{"allow":["GET"]}}],"collection":[{"href":"https:\/\/www.toque-musicall.com\/index.php?rest_route=\/wp\/v2\/posts"}],"about":[{"href":"https:\/\/www.toque-musicall.com\/index.php?rest_route=\/wp\/v2\/types\/post"}],"author":[{"embeddable":true,"href":"https:\/\/www.toque-musicall.com\/index.php?rest_route=\/wp\/v2\/users\/1"}],"replies":[{"embeddable":true,"href":"https:\/\/www.toque-musicall.com\/index.php?rest_route=%2Fwp%2Fv2%2Fcomments&post=8074"}],"version-history":[{"count":2,"href":"https:\/\/www.toque-musicall.com\/index.php?rest_route=\/wp\/v2\/posts\/8074\/revisions"}],"predecessor-version":[{"id":8076,"href":"https:\/\/www.toque-musicall.com\/index.php?rest_route=\/wp\/v2\/posts\/8074\/revisions\/8076"}],"wp:attachment":[{"href":"https:\/\/www.toque-musicall.com\/index.php?rest_route=%2Fwp%2Fv2%2Fmedia&parent=8074"}],"wp:term":[{"taxonomy":"category","embeddable":true,"href":"https:\/\/www.toque-musicall.com\/index.php?rest_route=%2Fwp%2Fv2%2Fcategories&post=8074"},{"taxonomy":"post_tag","embeddable":true,"href":"https:\/\/www.toque-musicall.com\/index.php?rest_route=%2Fwp%2Fv2%2Ftags&post=8074"}],"curies":[{"name":"wp","href":"https:\/\/api.w.org\/{rel}","templated":true}]}}