{"id":8078,"date":"2020-12-20T09:30:00","date_gmt":"2020-12-20T12:30:00","guid":{"rendered":"http:\/\/www.toque-musicall.com\/?p=8078"},"modified":"2020-12-23T09:34:15","modified_gmt":"2020-12-23T12:34:15","slug":"orquestra-moderna-de-camara-brasil-bossa-nova-1962","status":"publish","type":"post","link":"https:\/\/www.toque-musicall.com\/?p=8078","title":{"rendered":"Orquestra Moderna de C\u00e2mara &#8211; Brasil Bossa Nova (1962)"},"content":{"rendered":"\n<figure class=\"wp-block-image size-large\"><img decoding=\"async\" src=\"https:\/\/1.bp.blogspot.com\/-LHyeBhNNYBg\/X-MwSOFSsvI\/AAAAAAAAStQ\/VfqeAfOJZUAgB94o7q8MIFy0XuGbmsGaACLcBGAsYHQ\/w640-h626\/Anota%25C3%25A7%25C3%25A3o%2B2020-12-23%2B084311.jpg\" alt=\"\"\/><\/figure>\n\n\n\n<figure class=\"wp-block-image size-large\"><img decoding=\"async\" src=\"https:\/\/1.bp.blogspot.com\/-Mms3V9ulQvQ\/X-MwSELMm-I\/AAAAAAAAStM\/FnXd-WDDWkAnHnNQpuYGZBQw770puuWiACLcBGAsYHQ\/w640-h620\/Anota%25C3%25A7%25C3%25A3o%2B2020-12-23%2B084343.jpg\" alt=\"\"\/><\/figure>\n\n\n\n<figure class=\"wp-block-image size-large\"><img decoding=\"async\" src=\"https:\/\/1.bp.blogspot.com\/-1bWqnVJXrt8\/X-Mw01-1KQI\/AAAAAAAAStY\/OjY7y3-bspgSJ6Nln908CiFFXRPr8C0DQCLcBGAsYHQ\/w640-h330\/Anota%25C3%25A7%25C3%25A3o%2B2020-12-23%2B085739.jpg\" alt=\"\"\/><\/figure>\n\n\n<div class=\"separator\">Bom dia a todos os amigos cultos e ocultos! Dentro desta mostra de fim de ano, trago aqui mais uma orquestra em ritmo de Bossa Nova. Temos desta vez a Orquestra Moderna de C\u00e2mara e seu lp &#8220;Brasil Bossa Nova&#8221;, um disco lan\u00e7ado pelo sofisticado e diferenciado selo Nilser, do m\u00fasico e empreendedor Nilo S\u00e9rgio que tamb\u00e9m era o dono da gravadora brasileira Musidisc. Os \u00e1lbuns da Nilser eram geralmente produ\u00e7\u00f5es luxuosas, em capa dupla, com recortes e outras caracter\u00edsticas conceituais que os diferenciavam dos discos fabricados no Brasil. Um bom exemplo \u00e9 este, que tem capa dupla, recortes e um trabalho de arte magn\u00edfico, com ilustra\u00e7\u00e3o do artista Ademir Martins. &#8220;Brasil Bossa Nova&#8221; \u00e9 um bel\u00edssimo disco com essa orquestra que provavelmente era a de est\u00fadio da Musidic e isso se percebe pela total aus\u00eancia na ficha t\u00e9cnica at\u00e9 mesmo do maestro e arranjador. Mas, independente disso, o que temos aqui \u00e9 um repert\u00f3rio, para a \u00e9poca, moderno com v\u00e1rias m\u00fasicas que se tornaram cl\u00e1ssicos os verdadeiros cl\u00e1ssicos da Bossa Nova. Muito bacana, n\u00e3o deixem de conferir&#8230;<\/div>\n<div class=\"separator\">\u00a0<\/div>\n<div class=\"separator\">solu\u00e7\u00e3o &#8211; dizem por a\u00ed<\/div>\n<div class=\"separator\">chega de saudade &#8211; o menino desce o morro<\/div>\n<div class=\"separator\">ideias erradas &#8211; chora tua tristeza<\/div>\n<div class=\"separator\">na cad\u00eancia do samba &#8211; leva meu samba<\/div>\n<div class=\"separator\">medita\u00e7\u00e3o &#8211; este seu olhar<\/div>\n<div class=\"separator\">samba de uma nota s\u00f3 &#8211; desafinado<\/div>\n<div class=\"separator\">manh\u00e3 de carnaval &#8211; a felicidade<\/div>\n<div class=\"separator\">samba triste<\/div>\n<div class=\"separator\">o barquinho<\/div>\n<div class=\"separator\">menina mo\u00e7a &#8211; mulher de trinta<\/div>\n<div class=\"separator\">mulata assanhada &#8211; samba que eu quero ver<\/div>\n<div class=\"separator\">\u00a0<\/div>\n<div class=\"separator\">\u00a0<\/div>\n<div class=\"separator\">.<\/div>\n<div class=\"separator\">\u00a0<\/div>","protected":false},"excerpt":{"rendered":"<p>Bom dia a todos os amigos cultos e ocultos! Dentro desta mostra de fim de ano, trago aqui mais uma orquestra em ritmo de Bossa Nova. Temos desta vez a Orquestra Moderna de C\u00e2mara e seu lp &#8220;Brasil Bossa Nova&#8221;, &hellip; <a href=\"https:\/\/www.toque-musicall.com\/?p=8078\">Continue lendo <span class=\"meta-nav\">&rarr;<\/span><\/a><\/p>\n","protected":false},"author":1,"featured_media":0,"comment_status":"closed","ping_status":"closed","sticky":false,"template":"","format":"standard","meta":{"footnotes":""},"categories":[4136,2042],"tags":[4137,4138],"class_list":["post-8078","post","type-post","status-publish","format-standard","hentry","category-orquestra-moderna-de-camara","category-selo-nilser","tag-orquestra-moderna-de-camara","tag-selo-nilser"],"_links":{"self":[{"href":"https:\/\/www.toque-musicall.com\/index.php?rest_route=\/wp\/v2\/posts\/8078","targetHints":{"allow":["GET"]}}],"collection":[{"href":"https:\/\/www.toque-musicall.com\/index.php?rest_route=\/wp\/v2\/posts"}],"about":[{"href":"https:\/\/www.toque-musicall.com\/index.php?rest_route=\/wp\/v2\/types\/post"}],"author":[{"embeddable":true,"href":"https:\/\/www.toque-musicall.com\/index.php?rest_route=\/wp\/v2\/users\/1"}],"replies":[{"embeddable":true,"href":"https:\/\/www.toque-musicall.com\/index.php?rest_route=%2Fwp%2Fv2%2Fcomments&post=8078"}],"version-history":[{"count":1,"href":"https:\/\/www.toque-musicall.com\/index.php?rest_route=\/wp\/v2\/posts\/8078\/revisions"}],"predecessor-version":[{"id":8079,"href":"https:\/\/www.toque-musicall.com\/index.php?rest_route=\/wp\/v2\/posts\/8078\/revisions\/8079"}],"wp:attachment":[{"href":"https:\/\/www.toque-musicall.com\/index.php?rest_route=%2Fwp%2Fv2%2Fmedia&parent=8078"}],"wp:term":[{"taxonomy":"category","embeddable":true,"href":"https:\/\/www.toque-musicall.com\/index.php?rest_route=%2Fwp%2Fv2%2Fcategories&post=8078"},{"taxonomy":"post_tag","embeddable":true,"href":"https:\/\/www.toque-musicall.com\/index.php?rest_route=%2Fwp%2Fv2%2Ftags&post=8078"}],"curies":[{"name":"wp","href":"https:\/\/api.w.org\/{rel}","templated":true}]}}