{"id":8094,"date":"2020-12-24T19:25:16","date_gmt":"2020-12-24T22:25:16","guid":{"rendered":"http:\/\/www.toque-musicall.com\/?p=8094"},"modified":"2020-12-24T19:26:07","modified_gmt":"2020-12-24T22:26:07","slug":"lagna-fieta-e-orquestra-natal-dancante-1959","status":"publish","type":"post","link":"https:\/\/www.toque-musicall.com\/?p=8094","title":{"rendered":"Lagna Fieta E Orquestra &#8211; Natal Dan\u00e7ante (1959)"},"content":{"rendered":"\n<figure class=\"wp-block-image size-large\"><img decoding=\"async\" src=\"https:\/\/1.bp.blogspot.com\/-8MDkns79A58\/X-UBH-5_M2I\/AAAAAAAASuM\/MXTY2HWGcacI4mbQL852ZvGuPHox-jqMACLcBGAsYHQ\/w640-h618\/Anota%25C3%25A7%25C3%25A3o%2B2020-12-24%2B174114.jpg\" alt=\"\"\/><\/figure>\n\n\n\n<figure class=\"wp-block-image size-large\"><img decoding=\"async\" src=\"https:\/\/1.bp.blogspot.com\/-1at29yA-hPo\/X-UBHz_Gm0I\/AAAAAAAASuQ\/-3Z2Ffn9s80mzTWSk8hLDkvMTxIRrvV6QCLcBGAsYHQ\/w640-h620\/Anota%25C3%25A7%25C3%25A3o%2B2020-12-24%2B174251.jpg\" alt=\"\"\/><\/figure>\n\n\n<div class=\"separator\">Ol\u00e1, amigos cultos e ocultos! E ent\u00e3o \u00e9 Natal, \u00e9 noite de Natal. Um Natal diferente, mais triste, porque n\u00e3o haver\u00e1 a confraterniza\u00e7\u00e3o tradicional. Essa pandemia melou nossas pretens\u00f5es natalinas, ou eu diria os encontros e a festa. Nesta noite, quem tem realmente consci\u00eancia da situa\u00e7\u00e3o, n\u00e3o vai se arriscar. Vamos todos ficar quietos em nossas casas. Celebremos o Natal dentro de n\u00f3s, pois isso \u00e9 o que realmente importa. Para a nossa sorte, podemos encontrar nossos queridos de forma virtual, podemos v\u00ea-los e tamb\u00e9m lhe mandar mensagem. Eu sei, n\u00e3o \u00e9 muito, mas \u00e9 o que temos por agora. Vamos ficar em nossas casas. E aproveitando, vamos ouvir m\u00fasica para alegrar o nosso espirito e lavar a alma.<\/div>\n<div class=\"separator\">Para esta noite, tenho o lp &#8220;Natal Dan\u00e7ante&#8221;, de 1959, um disco lan\u00e7ado pela RGE, trazendo um repert\u00f3rio que eu diria, mais com clima natalino do que propriamente temas de Natal. Esses, na verdade, se limitaram a duas ou tr\u00eas faixas, mas o disco tem seus encantos. A frente temos a orquestra do maestro argentino Hector Lagna Fieta, radicado no Brasil, esteve muito atuante em r\u00e1dios e gravadoras, sendo parte do &#8216;cast&#8217; de m\u00fasicos e maestros de est\u00fadio. Lagna Fieta era tamb\u00e9m compositor. Foi ele o respons\u00e1vel pela composi\u00e7\u00e3o e arranjos de todas as trilhas sonoras dos filmes de Mazzaropi, ao lado de Elp\u00eddio dos Santos que fazia as letras. Maestro que fez parte da \u00e9poca de ouro das gravadoras.<\/div>\n<div class=\"separator\">Enfim, temos aqui nossa trilha de Natal. Desejamos a todos os amigos uma noite iluminada, com muito amor e paz. Quero desejar aqui tamb\u00e9m, em especial, os meus votos natalinos aos amigos Samuel Machado Filho, Edu Pampani e ao Fares Darwiche pela colabora\u00e7\u00e3o, fo\u00e7a e amizade. Um abra\u00e7o a todos. Feliz Natal!<\/div>\n<div class=\"separator\">&nbsp;<\/div>\n<div class=\"separator\">jingle bells<\/div>\n<div class=\"separator\">quem \u00e9<\/div>\n<div class=\"separator\">lobo bobo<\/div>\n<div class=\"separator\">una mujer<\/div>\n<div class=\"separator\">maria boa<\/div>\n<div class=\"separator\">valentina my valentina<\/div>\n<div class=\"separator\">white christmas<\/div>\n<div class=\"separator\">o apito no samba<\/div>\n<div class=\"separator\">t\u00fanel do amor<\/div>\n<div class=\"separator\">conversa<\/div>\n<div class=\"separator\">margarida<\/div>\n<div class=\"separator\">castigo &#8211; balada triste &#8211; mais brilho nas estrelas<\/div>\n<div class=\"separator\">&nbsp;<\/div>\n<div class=\"separator\">&nbsp;<\/div>\n<div class=\"separator\">.<\/div>","protected":false},"excerpt":{"rendered":"<p>Ol\u00e1, amigos cultos e ocultos! E ent\u00e3o \u00e9 Natal, \u00e9 noite de Natal. Um Natal diferente, mais triste, porque n\u00e3o haver\u00e1 a confraterniza\u00e7\u00e3o tradicional. Essa pandemia melou nossas pretens\u00f5es natalinas, ou eu diria os encontros e a festa. Nesta noite, &hellip; <a href=\"https:\/\/www.toque-musicall.com\/?p=8094\">Continue lendo <span class=\"meta-nav\">&rarr;<\/span><\/a><\/p>\n","protected":false},"author":1,"featured_media":0,"comment_status":"closed","ping_status":"closed","sticky":false,"template":"","format":"standard","meta":{"footnotes":""},"categories":[4157,153,1],"tags":[4156,3091],"class_list":["post-8094","post","type-post","status-publish","format-standard","hentry","category-lagna-fieta","category-selo-rge","category-sem-categoria","tag-lagna-fieta","tag-selo-rge"],"_links":{"self":[{"href":"https:\/\/www.toque-musicall.com\/index.php?rest_route=\/wp\/v2\/posts\/8094","targetHints":{"allow":["GET"]}}],"collection":[{"href":"https:\/\/www.toque-musicall.com\/index.php?rest_route=\/wp\/v2\/posts"}],"about":[{"href":"https:\/\/www.toque-musicall.com\/index.php?rest_route=\/wp\/v2\/types\/post"}],"author":[{"embeddable":true,"href":"https:\/\/www.toque-musicall.com\/index.php?rest_route=\/wp\/v2\/users\/1"}],"replies":[{"embeddable":true,"href":"https:\/\/www.toque-musicall.com\/index.php?rest_route=%2Fwp%2Fv2%2Fcomments&post=8094"}],"version-history":[{"count":2,"href":"https:\/\/www.toque-musicall.com\/index.php?rest_route=\/wp\/v2\/posts\/8094\/revisions"}],"predecessor-version":[{"id":8096,"href":"https:\/\/www.toque-musicall.com\/index.php?rest_route=\/wp\/v2\/posts\/8094\/revisions\/8096"}],"wp:attachment":[{"href":"https:\/\/www.toque-musicall.com\/index.php?rest_route=%2Fwp%2Fv2%2Fmedia&parent=8094"}],"wp:term":[{"taxonomy":"category","embeddable":true,"href":"https:\/\/www.toque-musicall.com\/index.php?rest_route=%2Fwp%2Fv2%2Fcategories&post=8094"},{"taxonomy":"post_tag","embeddable":true,"href":"https:\/\/www.toque-musicall.com\/index.php?rest_route=%2Fwp%2Fv2%2Ftags&post=8094"}],"curies":[{"name":"wp","href":"https:\/\/api.w.org\/{rel}","templated":true}]}}