{"id":8097,"date":"2020-12-25T13:01:28","date_gmt":"2020-12-25T16:01:28","guid":{"rendered":"http:\/\/www.toque-musicall.com\/?p=8097"},"modified":"2020-12-25T13:01:28","modified_gmt":"2020-12-25T16:01:28","slug":"um-novo-tempo-rede-globo-compacto-1973","status":"publish","type":"post","link":"https:\/\/www.toque-musicall.com\/?p=8097","title":{"rendered":"Um Novo Tempo &#8211; Rede Globo &#8211; Compacto (1973)"},"content":{"rendered":"\n<figure class=\"wp-block-image size-large\"><img decoding=\"async\" src=\"https:\/\/1.bp.blogspot.com\/-56h9XLglLk4\/X-YCK2ddQ5I\/AAAAAAAASvE\/bB8iaCSzaBElZpIF-XxiruyWYiwE9ehDACLcBGAsYHQ\/w638-h640\/Anota%25C3%25A7%25C3%25A3o%2B2020-12-25%2B120516.jpg\" alt=\"\"\/><\/figure>\n\n\n\n<figure class=\"wp-block-image size-large\"><img decoding=\"async\" src=\"https:\/\/1.bp.blogspot.com\/-K8LCNvVPGXU\/X-YCSrOIyrI\/AAAAAAAASvI\/YQGEsPBwEjcA45QHN4DAhIWM1DjzmRapACLcBGAsYHQ\/w640-h634\/Anota%25C3%25A7%25C3%25A3o%2B2020-12-25%2B121309.jpg\" alt=\"\"\/><\/figure>\n\n\n<div class=\"separator\">Bom dia a todos os amigos cultos e ocultos! Desejo a todos um \u00f3timo Natal, mesmo diante a um momento t\u00e3o dif\u00edcil pelo qual passamos e em especial aqui no Brasil, onde al\u00e9m da pandemia tamb\u00e9m passamos pela praga de um (des)governo genocida, corrupto e miliciano. Por certo n\u00e3o irei citar os nomes dos canalhas, pois aqui neste espa\u00e7o n\u00e3o caberia tamanha inf\u00e2mia. 2020 foi, neste sentido, o pior ano de nossas vidas, perdemos amigos, parentes e muitos dos nossos \u00eddolos da m\u00fasica que aqui tanto prezamos. Que tamanha infelicidade abateu sobre n\u00f3s, Ou ainda, por outra, como haviam fascistas no arm\u00e1rio! A estupidez e a ignor\u00e2ncia amplificadas atrav\u00e9s de redes sociais e em especial o WhatsApp, onde n\u00e3o h\u00e1 nenhum controle. Tamanha infelicidade descobrir que at\u00e9 mesmo aquele tio velho, aquele primo ou irm\u00e3o passaram a comungar dessa praga chamada &#8216;fakenews&#8217;. Meu Deus, como o nosso povo \u00e9 ignorante, preconceituoso, racista e mal car\u00e1ter. Sim, um povinho mal educado que age como gado e n\u00e3o sabe o quanto est\u00e1 sendo manipulado. O Brasil, hoje, voltou a ser uma republiqueta, um pa\u00eds rico mas cheio de miser\u00e1veis, estamos a cada dia regredindo, Terra plana, kit gay, vacinas que transformam as pessoas em jacar\u00e9s, Jesus na goiabeira&#8230; Pqp! Como deixamos essa gente subir ao pode?\u00a0<\/div>\n<div class=\"separator\">Pois bem, estamos na lona, hoje j\u00e1 temos mais de 200 mil pessoas mortas de Covid, por conta da incompet\u00eancia e crueldade desse governo. E ainda temos de aturar uma legi\u00e3o de idiotas que n\u00e3o quer se vacinar (que morram, ent\u00e3o). \u00c9 de lamentar a nossa situa\u00e7\u00e3o.<\/div>\n<div class=\"separator\">\u00c9 por essas e por outras que desejo ao Papai Noel dois presentes, a vacina e o fim dessa pol\u00edtica nefasta. Que tenhamos mais consci\u00eancia de classe, que sejamos mais tolerantes e mais fraternos. Precisamos reconstruir o Brasil. Chega de patifaria! Este \u00e9 o presente que quero para todos n\u00f3s.\u00a0<\/div>\n<div class=\"separator\">Aqui, hoje, para n\u00e3o dizer que n\u00e3o falei de discos, tenho para voc\u00eas este compacto lan\u00e7ado pela Som Livre em 1973. Safra muito boa, mesmo em plena ditadura. &#8220;Um novo tempo&#8221; foi uma m\u00fasica composta pelos irm\u00e3os Marcos e Paulo Cesar Valle e em parceria com Nelson Motta. Um tema que ficou famoso na televis\u00e3o e at\u00e9 hoje \u00e9 lembrado. Cr\u00edticas a parte, neste sentido, devemos muito a Rede Globo, pois principalmente nesta \u00e9poca a emissora veiculou muitos programas importantes e na m\u00fasica ent\u00e3o nem se fala. Mas isso \u00e9 assunto para um outro dia, talvez. Enfim, temos este compacto que tamb\u00e9m traz os Salmos de Davi recitados por Cid Moreira e boa parte do elenco da Globo, naqueles bons tempos musicais. Tudo a ver com o momento presente. Esperamos todos por um novo tempo. Deus \u00e9 pai!<\/div>\n<div class=\"separator\">\u00a0<\/div>\n<div class=\"separator\">um novo tempo<\/div>\n<div class=\"separator\">os salmos de davi<\/div>\n<div class=\"separator\">\u00a0<\/div>\n<div class=\"separator\">\u00a0<\/div>\n<div class=\"separator\">.<\/div>\n<p>\u00a0<\/p>\n<div class=\"separator\">\u00a0<\/div>","protected":false},"excerpt":{"rendered":"<p>Bom dia a todos os amigos cultos e ocultos! Desejo a todos um \u00f3timo Natal, mesmo diante a um momento t\u00e3o dif\u00edcil pelo qual passamos e em especial aqui no Brasil, onde al\u00e9m da pandemia tamb\u00e9m passamos pela praga de &hellip; <a href=\"https:\/\/www.toque-musicall.com\/?p=8097\">Continue lendo <span class=\"meta-nav\">&rarr;<\/span><\/a><\/p>\n","protected":false},"author":1,"featured_media":0,"comment_status":"closed","ping_status":"closed","sticky":false,"template":"","format":"standard","meta":{"footnotes":""},"categories":[1532,66],"tags":[4158,3037],"class_list":["post-8097","post","type-post","status-publish","format-standard","hentry","category-rede-globo-de-televisao","category-selo-som-livre","tag-rede-globo-de-televisao","tag-selo-som-livre"],"_links":{"self":[{"href":"https:\/\/www.toque-musicall.com\/index.php?rest_route=\/wp\/v2\/posts\/8097","targetHints":{"allow":["GET"]}}],"collection":[{"href":"https:\/\/www.toque-musicall.com\/index.php?rest_route=\/wp\/v2\/posts"}],"about":[{"href":"https:\/\/www.toque-musicall.com\/index.php?rest_route=\/wp\/v2\/types\/post"}],"author":[{"embeddable":true,"href":"https:\/\/www.toque-musicall.com\/index.php?rest_route=\/wp\/v2\/users\/1"}],"replies":[{"embeddable":true,"href":"https:\/\/www.toque-musicall.com\/index.php?rest_route=%2Fwp%2Fv2%2Fcomments&post=8097"}],"version-history":[{"count":1,"href":"https:\/\/www.toque-musicall.com\/index.php?rest_route=\/wp\/v2\/posts\/8097\/revisions"}],"predecessor-version":[{"id":8098,"href":"https:\/\/www.toque-musicall.com\/index.php?rest_route=\/wp\/v2\/posts\/8097\/revisions\/8098"}],"wp:attachment":[{"href":"https:\/\/www.toque-musicall.com\/index.php?rest_route=%2Fwp%2Fv2%2Fmedia&parent=8097"}],"wp:term":[{"taxonomy":"category","embeddable":true,"href":"https:\/\/www.toque-musicall.com\/index.php?rest_route=%2Fwp%2Fv2%2Fcategories&post=8097"},{"taxonomy":"post_tag","embeddable":true,"href":"https:\/\/www.toque-musicall.com\/index.php?rest_route=%2Fwp%2Fv2%2Ftags&post=8097"}],"curies":[{"name":"wp","href":"https:\/\/api.w.org\/{rel}","templated":true}]}}