{"id":81,"date":"2012-04-29T10:24:00","date_gmt":"2012-04-29T10:24:00","guid":{"rendered":"http:\/\/www.toque-musicall.com\/?p=81"},"modified":"2012-04-29T10:24:00","modified_gmt":"2012-04-29T10:24:00","slug":"erasmo-carlos-jean-carlo-the-clevers-the-youngsters-compactos-do-toque-musical-vol-5-2012","status":"publish","type":"post","link":"https:\/\/www.toque-musicall.com\/?p=81","title":{"rendered":"Erasmo Carlos, Jean Carlo, The Clevers, The Youngsters &#8211; Compactos Do Toque Musical Vol. 5 (2012)"},"content":{"rendered":"<div style=\"clear: both; text-align: center;\"><a href=\"http:\/\/3.bp.blogspot.com\/-Vkl3-3JkQew\/T5yR_oDJTHI\/AAAAAAAABts\/IpJgvo79h-E\/s1600\/capa+comp+P.JPG\" style=\"margin-left: 1em; margin-right: 1em;\"><img loading=\"lazy\" decoding=\"async\" border=\"0\" height=\"396\" src=\"http:\/\/3.bp.blogspot.com\/-Vkl3-3JkQew\/T5yR_oDJTHI\/AAAAAAAABts\/IpJgvo79h-E\/s400\/capa+comp+P.JPG\" width=\"400\" \/><\/a><\/div>\n<div style=\"clear: both; text-align: center;\"><a href=\"http:\/\/3.bp.blogspot.com\/-CH14Kg3m8qA\/T5yR7jaHk3I\/AAAAAAAABtk\/XC4NTUG_X84\/s1600\/contracapa+comp+P.JPG\" style=\"margin-left: 1em; margin-right: 1em;\"><img loading=\"lazy\" decoding=\"async\" border=\"0\" height=\"396\" src=\"http:\/\/3.bp.blogspot.com\/-CH14Kg3m8qA\/T5yR7jaHk3I\/AAAAAAAABtk\/XC4NTUG_X84\/s400\/contracapa+comp+P.JPG\" width=\"400\" \/><\/a><\/div>\n<p>Boa noite, meus prezados&#8230; Voltando ao tempo daquelas &#8216;tardes de domingo&#8217;, aqui v\u00e3o (no s\u00e1bado),quatro diferentes momentos da m\u00fasica jovem nos anos 60. Temos aqui reunidos num s\u00f3 &#8216;toque&#8217;, quatro compactos, direta ou indiretamente ligados \u00e0 Jovem Guarda. Temos, inicialmente o cantor cego, Jean Carlo num compacto duplo, com quatro faixas bem rom\u00e2nticas de fazer inveja ao falecido Paulo S\u00e9rgio. Melhorando, temos The Clevers que vem de balada italiana e rock twist, tamb\u00e9m chamada de &#8216;surf music&#8217; das antigas. Subindo mais um degrau encontraremos The Youngsters, a banda que por muito tempo acompanhou Roberto Carlos, trazendo aqui dois sucessos da m\u00fasica italiana e francesa. Para finalizar temos o Erasmo Carlos, que \u00e9 o \u00fanico que n\u00e3o vem de &#8216;covers&#8217;, apresentado dois de seus sucessos dos anos 60.<br \/>Ta\u00ed, quatro compactos para relembrar o tempo das &#8216;horas dan\u00e7antes&#8217;, morou? Se gostarem, t\u00e1 na m\u00e3o! Ou melhor dizendo, t\u00e1 no GTM \ud83d\ude09<\/p>\n<div style=\"text-align: center;\">sentado a beira do caminho &#8211; erasmo carlos<\/div>\n<div style=\"text-align: center;\">johnny fura\u00e7\u00e3o &#8211; erasmo carlos<\/div>\n<div style=\"text-align: center;\">eu nasci pra voc\u00ea &#8211; jean carlo<\/div>\n<div style=\"text-align: center;\">fim de romance -jean carlo<\/div>\n<div style=\"text-align: center;\">t\u00e3o solit\u00e1rio &#8211; jean carlo<\/div>\n<div style=\"text-align: center;\">uma casa sobre o mundo &#8211; jean carlo<\/div>\n<div style=\"text-align: center;\">in ginocchio da te &#8211; the clevers<\/div>\n<div style=\"text-align: center;\">raunchy &#8211; the clevers<\/div>\n<div style=\"text-align: center;\">mah-h\u00e1, mah-n\u00e1 &#8211; the youngsters<\/div>\n<div style=\"text-align: center;\">je t&#8217;aime&#8230;moi non plus &#8211; the youngsters<\/div>\n<div style=\"text-align: center;\"><\/div>\n","protected":false},"excerpt":{"rendered":"<p>Boa noite, meus prezados&#8230; Voltando ao tempo daquelas &#8216;tardes de domingo&#8217;, aqui v\u00e3o (no s\u00e1bado),quatro diferentes momentos da m\u00fasica jovem nos anos 60. Temos aqui reunidos num s\u00f3 &#8216;toque&#8217;, quatro compactos, direta ou indiretamente ligados \u00e0 Jovem Guarda. Temos, inicialmente &hellip; <a href=\"https:\/\/www.toque-musicall.com\/?p=81\">Continue lendo <span class=\"meta-nav\">&rarr;<\/span><\/a><\/p>\n","protected":false},"author":1,"featured_media":0,"comment_status":"open","ping_status":"closed","sticky":false,"template":"","format":"standard","meta":{"footnotes":""},"categories":[148,149,151,40,152,146,153,150,147],"tags":[],"class_list":["post-81","post","type-post","status-publish","format-standard","hentry","category-coletanea-compactos-do-toque-musical","category-erasmo-carlos","category-jean-carlo","category-selo-continental","category-selo-copacabana","category-selo-polydor","category-selo-rge","category-the-clevers","category-the-youngsters"],"_links":{"self":[{"href":"https:\/\/www.toque-musicall.com\/index.php?rest_route=\/wp\/v2\/posts\/81","targetHints":{"allow":["GET"]}}],"collection":[{"href":"https:\/\/www.toque-musicall.com\/index.php?rest_route=\/wp\/v2\/posts"}],"about":[{"href":"https:\/\/www.toque-musicall.com\/index.php?rest_route=\/wp\/v2\/types\/post"}],"author":[{"embeddable":true,"href":"https:\/\/www.toque-musicall.com\/index.php?rest_route=\/wp\/v2\/users\/1"}],"replies":[{"embeddable":true,"href":"https:\/\/www.toque-musicall.com\/index.php?rest_route=%2Fwp%2Fv2%2Fcomments&post=81"}],"version-history":[{"count":0,"href":"https:\/\/www.toque-musicall.com\/index.php?rest_route=\/wp\/v2\/posts\/81\/revisions"}],"wp:attachment":[{"href":"https:\/\/www.toque-musicall.com\/index.php?rest_route=%2Fwp%2Fv2%2Fmedia&parent=81"}],"wp:term":[{"taxonomy":"category","embeddable":true,"href":"https:\/\/www.toque-musicall.com\/index.php?rest_route=%2Fwp%2Fv2%2Fcategories&post=81"},{"taxonomy":"post_tag","embeddable":true,"href":"https:\/\/www.toque-musicall.com\/index.php?rest_route=%2Fwp%2Fv2%2Ftags&post=81"}],"curies":[{"name":"wp","href":"https:\/\/api.w.org\/{rel}","templated":true}]}}