{"id":810,"date":"2010-06-18T09:55:00","date_gmt":"2010-06-18T09:55:00","guid":{"rendered":"http:\/\/www.toque-musicall.com\/?p=810"},"modified":"2010-06-18T09:55:00","modified_gmt":"2010-06-18T09:55:00","slug":"manoelito-sena-no-forro-de-sicupira","status":"publish","type":"post","link":"https:\/\/www.toque-musicall.com\/?p=810","title":{"rendered":"Manoelito Sena &#8211; No Forr\u00f3 De Sicupira"},"content":{"rendered":"<p><a href=\"http:\/\/4.bp.blogspot.com\/_DSKVEvHtskc\/TBtYIqlwZDI\/AAAAAAAAGqc\/iZNPWoi1oPM\/s1600\/manoelito+P.JPG\"><img decoding=\"async\" style=\"TEXT-ALIGN: center; MARGIN: 0px auto 10px; WIDTH: 400px; DISPLAY: block; HEIGHT: 395px; CURSOR: hand\" id=\"BLOGGER_PHOTO_ID_5484073877148558386\" border=\"0\" alt=\"\" src=\"http:\/\/4.bp.blogspot.com\/_DSKVEvHtskc\/TBtYIqlwZDI\/AAAAAAAAGqc\/iZNPWoi1oPM\/s400\/manoelito+P.JPG\" \/><\/a>Bom dia, amigos cultos e ocultos! Chegamos enfim na sexta feira, \u00f4 beleza! Neste fim de semana eu quero mais \u00e9 descansar. S\u00f3 quero chocolate&#8230; bicicleta e Copa do Mundo.<\/p>\n<div>Nossa postagem de hoje \u00e9 dedicada ao artista independente. Como estamos na \u00e9poca das festas juninas e forr\u00f3s, vou dar mais um toque musical e independente. Tenho aqui mais um disquinho para abrilhantar as noites de festas. Vamos com Manoel de Almeida Sena, mais conhecido como Manoelito Sena, cantor e compositor popular. Apesar de n\u00e3o encontrar na rede nenhuma informa\u00e7\u00e3o sobre este artista, sei que ele j\u00e1 gravou v\u00e1rios discos, todos na linha do forr\u00f3. Eu suponho, pelo pouco que encontrei, que ele seja baiano. H\u00e1 um outro disco dele no excelente site\/blog <a href=\"http:\/\/www.forroemvinil.com\/?p=580\">Forr\u00f3 em Vinil<\/a>, quem gosta do g\u00eanero vai nadar de bra\u00e7ada. &#8220;No forr\u00f3 de Sicupira&#8221; \u00e9 um \u00e1lbum independente, provavelmente lan\u00e7ado nos anos 80. Nele encontraremos algumas m\u00fasicas bem apropriadas para a festa na ro\u00e7a. A faixa de abertura, &#8220;Ai, seu El\u00f3i&#8221; \u00e9 talvez a mais popular, j\u00e1 ouvi cantada em v\u00e1rios lugares e tocada at\u00e9 mesmo em uma r\u00e1dio em Montreal, no Canad\u00e1, segundo me informou um amigo residente por aquelas bandas.<\/div>\n<div>Aproveito o momento para avisar que eu j\u00e1 corrigi as postagens dos discos de <a href=\"http:\/\/toque-musicall.blogspot.com\/2008\/07\/aroldo-santos-at-que-enfim-1975.html\">Aroldo Santos<\/a> e de <a href=\"http:\/\/toque-musicall.blogspot.com\/search?q=Gilberto+Canavarro\">Gilberto Canavarro<\/a>. Agora est\u00e1 tudo certinho, podem conferir! \ud83d\ude09<\/div>\n<div> <\/div>\n<div align=\"center\">ai, seu el\u00f3i<\/div>\n<div align=\"center\">chegou a hora de acender a fogueira<\/div>\n<div align=\"center\">no c\u00f4co de antonio miguel<\/div>\n<div align=\"center\">boiadeiro menino de minas gerais<\/div>\n<div align=\"center\">tempo do vov\u00f4<\/div>\n<div align=\"center\">peneirou, peneirou<\/div>\n<div align=\"center\">no forr\u00f3 de sicupira<\/div>\n<div align=\"center\">o belisc\u00e3o do velho jo\u00e3o<\/div>\n<div align=\"center\">pega na peneira<\/div>\n<div align=\"center\">pisa no milho<\/div>\n<div align=\"center\">o periquito de mariazinha<\/div>\n<div align=\"center\">primeiro do ano<\/div>\n<div align=\"center\"> <\/div>\n<div align=\"center\"> <\/div>\n","protected":false},"excerpt":{"rendered":"<p>Bom dia, amigos cultos e ocultos! Chegamos enfim na sexta feira, \u00f4 beleza! Neste fim de semana eu quero mais \u00e9 descansar. S\u00f3 quero chocolate&#8230; bicicleta e Copa do Mundo. Nossa postagem de hoje \u00e9 dedicada ao artista independente. Como &hellip; <a href=\"https:\/\/www.toque-musicall.com\/?p=810\">Continue lendo <span class=\"meta-nav\">&rarr;<\/span><\/a><\/p>\n","protected":false},"author":1,"featured_media":0,"comment_status":"open","ping_status":"closed","sticky":false,"template":"","format":"standard","meta":{"footnotes":""},"categories":[1107],"tags":[],"class_list":["post-810","post","type-post","status-publish","format-standard","hentry","category-manoelito-sna"],"_links":{"self":[{"href":"https:\/\/www.toque-musicall.com\/index.php?rest_route=\/wp\/v2\/posts\/810","targetHints":{"allow":["GET"]}}],"collection":[{"href":"https:\/\/www.toque-musicall.com\/index.php?rest_route=\/wp\/v2\/posts"}],"about":[{"href":"https:\/\/www.toque-musicall.com\/index.php?rest_route=\/wp\/v2\/types\/post"}],"author":[{"embeddable":true,"href":"https:\/\/www.toque-musicall.com\/index.php?rest_route=\/wp\/v2\/users\/1"}],"replies":[{"embeddable":true,"href":"https:\/\/www.toque-musicall.com\/index.php?rest_route=%2Fwp%2Fv2%2Fcomments&post=810"}],"version-history":[{"count":0,"href":"https:\/\/www.toque-musicall.com\/index.php?rest_route=\/wp\/v2\/posts\/810\/revisions"}],"wp:attachment":[{"href":"https:\/\/www.toque-musicall.com\/index.php?rest_route=%2Fwp%2Fv2%2Fmedia&parent=810"}],"wp:term":[{"taxonomy":"category","embeddable":true,"href":"https:\/\/www.toque-musicall.com\/index.php?rest_route=%2Fwp%2Fv2%2Fcategories&post=810"},{"taxonomy":"post_tag","embeddable":true,"href":"https:\/\/www.toque-musicall.com\/index.php?rest_route=%2Fwp%2Fv2%2Ftags&post=810"}],"curies":[{"name":"wp","href":"https:\/\/api.w.org\/{rel}","templated":true}]}}