{"id":8104,"date":"2020-12-28T21:06:50","date_gmt":"2020-12-29T00:06:50","guid":{"rendered":"http:\/\/www.toque-musicall.com\/?p=8104"},"modified":"2020-12-28T21:07:39","modified_gmt":"2020-12-29T00:07:39","slug":"fafa-lemos-do-re-mi-fafa-1961","status":"publish","type":"post","link":"https:\/\/www.toque-musicall.com\/?p=8104","title":{"rendered":"Faf\u00e1 Lemos &#8211; D\u00f3 R\u00e9 Mi Faf\u00e1 (1961)"},"content":{"rendered":"\n<figure class=\"wp-block-image size-large\"><img decoding=\"async\" src=\"https:\/\/1.bp.blogspot.com\/-5HyR8xmuJf8\/X-pjSjfze_I\/AAAAAAAASwY\/IjDNU03vbp0W95zVk6NzNq6uuG_4U90QwCLcBGAsYHQ\/w640-h632\/Anota%25C3%25A7%25C3%25A3o%2B2020-12-28%2B195248.jpg\" alt=\"\"\/><\/figure>\n\n\n\n<figure class=\"wp-block-image size-large\"><img decoding=\"async\" src=\"https:\/\/1.bp.blogspot.com\/-B_lwT8O2_qc\/X-pjStKd6pI\/AAAAAAAASwc\/iEWyjVGnpL8J2uYvjUWp_RPbWuteS3JdACLcBGAsYHQ\/w640-h630\/Anota%25C3%25A7%25C3%25A3o%2B2020-12-28%2B195333.jpg\" alt=\"\"\/><\/figure>\n\n\n<div class=\"separator\">Boa noite, meus caros amigos cultos e ocultos! L\u00e1 se foi o Natal, logo mais tem o Fim de Ano (gra\u00e7as a Deus!) e desta vez vamos seguir os protocolos, ou seja, vamos ficar em casa, ningu\u00e9m sai, ningu\u00e9m entra. Nada de festas e aglomera\u00e7\u00e3o, o momento \u00e9 cr\u00edtico e exige cuidados. Por favor, fiquem voc\u00eas tamb\u00e9m em casa, ainda temos muitos discos para conhecer e ouvir, ok?<\/div>\n<div class=\"separator\">Bom, finalizando nossas postagens dos \u00faltimos dias deste ano, tenho para hoje este lp do violinista Rafael Lemos Junior, mais conhecido como Faf\u00e1 Lemos, lan\u00e7ado em 1961, pelo selo RCA Victor. Faf\u00e1 j\u00e1 foi apresentado aqui no Toque Musical em outras oportunidades, tanto em discos solo como em grupo, no caso, o Trio Surdina, ao lado de Garoto e Chiquinho do Acordeon. Neste lp ele nos traz um repert\u00f3rio ecl\u00e9tico, como era comum na \u00e9poca, misturando temas nacionais e internacionais. Por\u00e9m, o que nos chama a aten\u00e7\u00e3o \u00e9 a sele\u00e7\u00e3o nacional, onde podemos encontrar, por exemplo, m\u00fasicas de Dorival Caymmi, Haroldo Barbosa, o bolero filho \u00fanico de Jo\u00e3o Gilberto, &#8220;Ho-ba-la-l\u00e1&#8221; e ainda duas composi\u00e7\u00f5es de autoria desse violinista.\u00a0<\/div>\n<div class=\"separator\">T\u00e1 a\u00ed&#8230; mais um disco bacana a encontrar o seu destino, aqui no Toque Musical, claro! \ud83d\ude09 Confiram no GTM&#8230;<\/div>\n<div class=\"separator\">\u00a0<\/div>\n<div class=\"separator\">the exodus song<\/div>\n<div class=\"separator\">fiz o bob\u00e3o<\/div>\n<div class=\"separator\">ho-ba-la-l\u00e1<\/div>\n<div class=\"separator\">palha\u00e7ada<\/div>\n<div class=\"separator\">theme from the apartment<\/div>\n<div class=\"separator\">fiu, fiu<\/div>\n<div class=\"separator\">murm\u00fario<\/div>\n<div class=\"separator\">la novia<\/div>\n<div class=\"separator\">meu primeiro samba<\/div>\n<div class=\"separator\">never on sunday<\/div>\n<div class=\"separator\">roceira<\/div>\n<div class=\"separator\">rosa morena<\/div>\n<div class=\"separator\">\u00a0<\/div>\n<div class=\"separator\">.<\/div>","protected":false},"excerpt":{"rendered":"<p>Boa noite, meus caros amigos cultos e ocultos! L\u00e1 se foi o Natal, logo mais tem o Fim de Ano (gra\u00e7as a Deus!) e desta vez vamos seguir os protocolos, ou seja, vamos ficar em casa, ningu\u00e9m sai, ningu\u00e9m entra. &hellip; <a href=\"https:\/\/www.toque-musicall.com\/?p=8104\">Continue lendo <span class=\"meta-nav\">&rarr;<\/span><\/a><\/p>\n","protected":false},"author":1,"featured_media":0,"comment_status":"closed","ping_status":"closed","sticky":false,"template":"","format":"standard","meta":{"footnotes":""},"categories":[743,70],"tags":[4166,3061],"class_list":["post-8104","post","type-post","status-publish","format-standard","hentry","category-fafa-lemos","category-selo-rca-victor","tag-fafa-lemos","tag-selo-rca-victor"],"_links":{"self":[{"href":"https:\/\/www.toque-musicall.com\/index.php?rest_route=\/wp\/v2\/posts\/8104","targetHints":{"allow":["GET"]}}],"collection":[{"href":"https:\/\/www.toque-musicall.com\/index.php?rest_route=\/wp\/v2\/posts"}],"about":[{"href":"https:\/\/www.toque-musicall.com\/index.php?rest_route=\/wp\/v2\/types\/post"}],"author":[{"embeddable":true,"href":"https:\/\/www.toque-musicall.com\/index.php?rest_route=\/wp\/v2\/users\/1"}],"replies":[{"embeddable":true,"href":"https:\/\/www.toque-musicall.com\/index.php?rest_route=%2Fwp%2Fv2%2Fcomments&post=8104"}],"version-history":[{"count":1,"href":"https:\/\/www.toque-musicall.com\/index.php?rest_route=\/wp\/v2\/posts\/8104\/revisions"}],"predecessor-version":[{"id":8105,"href":"https:\/\/www.toque-musicall.com\/index.php?rest_route=\/wp\/v2\/posts\/8104\/revisions\/8105"}],"wp:attachment":[{"href":"https:\/\/www.toque-musicall.com\/index.php?rest_route=%2Fwp%2Fv2%2Fmedia&parent=8104"}],"wp:term":[{"taxonomy":"category","embeddable":true,"href":"https:\/\/www.toque-musicall.com\/index.php?rest_route=%2Fwp%2Fv2%2Fcategories&post=8104"},{"taxonomy":"post_tag","embeddable":true,"href":"https:\/\/www.toque-musicall.com\/index.php?rest_route=%2Fwp%2Fv2%2Ftags&post=8104"}],"curies":[{"name":"wp","href":"https:\/\/api.w.org\/{rel}","templated":true}]}}