{"id":8107,"date":"2020-12-29T20:10:00","date_gmt":"2020-12-29T23:10:00","guid":{"rendered":"http:\/\/www.toque-musicall.com\/?p=8107"},"modified":"2020-12-30T20:13:15","modified_gmt":"2020-12-30T23:13:15","slug":"alberto-mota-e-seu-conjunto-top-set-1966","status":"publish","type":"post","link":"https:\/\/www.toque-musicall.com\/?p=8107","title":{"rendered":"Alberto Mota E Seu Conjunto &#8211; Top-Set (1966)"},"content":{"rendered":"\n<figure class=\"wp-block-image size-large\"><img decoding=\"async\" src=\"https:\/\/1.bp.blogspot.com\/-YGW_ZGyzQLU\/X-z0_EcGkuI\/AAAAAAAASwo\/Vs1pYCkUE5kgrHqSJgvsXaSgnakZYPE7QCLcBGAsYHQ\/w640-h624\/Anota%25C3%25A7%25C3%25A3o%2B2020-12-30%2B183253.jpg\" alt=\"\"\/><\/figure>\n\n\n\n<figure class=\"wp-block-image size-large\"><img decoding=\"async\" src=\"https:\/\/1.bp.blogspot.com\/-UpmHmQX-uOM\/X-z1ProEL1I\/AAAAAAAASw4\/rNJq93uz1J452fOfL3xMcS451AKT8znEwCLcBGAsYHQ\/w640-h626\/Anota%25C3%25A7%25C3%25A3o%2B2020-12-30%2B183219.jpg\" alt=\"\"\/><\/figure>\n\n\n<div class=\"separator\">Boa noite, amigos cultos e ocultos! Mais um disquinho aqui para fechar o ano. Ali\u00e1s, disc\u00e3o! Um excelente lp do instrumentista e compositor Alberto Mota e seu conjunto, &#8220;Top-Set, lan\u00e7ado em 1966 pelo selo Polydor. Este conjunto surgiu em Bel\u00e9m do Par\u00e1 na d\u00e9cada de 50 tendo Alberto Mota a frente com seu piano e solovox. No in\u00edcio dos anos 60 eles j\u00e1 estavam fazendo muito sucesso e acabaram sendo contratados pela Polydor e lan\u00e7ando o primeiro disco em 1961. Nesta \u00e9poca, era um dos mais famosos grupos de baile atuando no Norte e Nordeste. Alberto Mota Gravou mais tr\u00eas discos pela Polydor ao longo dos anos 60, sendo este &#8220;Top-Set&#8221; o \u00faltimo, um disco com um repert\u00f3rio cheio de sucessos da \u00e9poca, nacionais internacionais, cabendo inclusive a Exalta\u00e7\u00e3o \u00e0 Bel\u00e9m do Par\u00e1, m\u00fasica de J. Macedo.\u00a0<\/div>\n<div class=\"separator\">Alberto Mota e seu grupo atuou at\u00e9 o in\u00edcio dos anos 70, quando ent\u00e3o foi aos poucos se limitando a apresenta\u00e7\u00f5es locais. Hoje s\u00f3 nos restam seus discos, coisa tamb\u00e9m rara de encontrar. Mas felizmente, na internet, atrav\u00e9s dos blogs de m\u00fasica ele foi muito divulgado e agora se eterniza aqui no nosso Toque Musical \ud83d\ude42 Confiram no GTM&#8230;<\/div>\n<div class=\"separator\">\u00a0<\/div>\n<div class=\"separator\">a casa do sol nascente<\/div>\n<div class=\"separator\">arrast\u00e3o<\/div>\n<div class=\"separator\">voc\u00ea<\/div>\n<div class=\"separator\">rosas vermelhas para uma dama triste<\/div>\n<div class=\"separator\">hello dolly<\/div>\n<div class=\"separator\">brincando gostei<\/div>\n<div class=\"separator\">pot pourri de sambas:<\/div>\n<div class=\"separator\">vamos balan\u00e7ar<\/div>\n<div class=\"separator\">tem que balan\u00e7ar<\/div>\n<div class=\"separator\">palpite infeliz<\/div>\n<div class=\"separator\">sinfonia do carnaval<\/div>\n<div class=\"separator\">na onda do berimbau<\/div>\n<div class=\"separator\">samba de ver\u00e3o<\/div>\n<div class=\"separator\">exalta\u00e7\u00e3o a bel\u00e9m do par\u00e1<\/div>\n<div class=\"separator\">extase total<\/div>\n<div class=\"separator\">garota de ipanema<\/div>\n<div class=\"separator\">moscou contra 007<\/div>\n<div class=\"separator\">\u00a0<\/div>\n<div class=\"separator\">\u00a0<\/div>\n<div class=\"separator\">.<\/div>\n<div class=\"separator\">\u00a0<\/div>","protected":false},"excerpt":{"rendered":"<p>Boa noite, amigos cultos e ocultos! Mais um disquinho aqui para fechar o ano. Ali\u00e1s, disc\u00e3o! Um excelente lp do instrumentista e compositor Alberto Mota e seu conjunto, &#8220;Top-Set, lan\u00e7ado em 1966 pelo selo Polydor. Este conjunto surgiu em Bel\u00e9m &hellip; <a href=\"https:\/\/www.toque-musicall.com\/?p=8107\">Continue lendo <span class=\"meta-nav\">&rarr;<\/span><\/a><\/p>\n","protected":false},"author":1,"featured_media":0,"comment_status":"closed","ping_status":"closed","sticky":false,"template":"","format":"standard","meta":{"footnotes":""},"categories":[696,146],"tags":[4167,3057],"class_list":["post-8107","post","type-post","status-publish","format-standard","hentry","category-alberto-mota","category-selo-polydor","tag-alberto-mota","tag-selo-polydor"],"_links":{"self":[{"href":"https:\/\/www.toque-musicall.com\/index.php?rest_route=\/wp\/v2\/posts\/8107","targetHints":{"allow":["GET"]}}],"collection":[{"href":"https:\/\/www.toque-musicall.com\/index.php?rest_route=\/wp\/v2\/posts"}],"about":[{"href":"https:\/\/www.toque-musicall.com\/index.php?rest_route=\/wp\/v2\/types\/post"}],"author":[{"embeddable":true,"href":"https:\/\/www.toque-musicall.com\/index.php?rest_route=\/wp\/v2\/users\/1"}],"replies":[{"embeddable":true,"href":"https:\/\/www.toque-musicall.com\/index.php?rest_route=%2Fwp%2Fv2%2Fcomments&post=8107"}],"version-history":[{"count":1,"href":"https:\/\/www.toque-musicall.com\/index.php?rest_route=\/wp\/v2\/posts\/8107\/revisions"}],"predecessor-version":[{"id":8108,"href":"https:\/\/www.toque-musicall.com\/index.php?rest_route=\/wp\/v2\/posts\/8107\/revisions\/8108"}],"wp:attachment":[{"href":"https:\/\/www.toque-musicall.com\/index.php?rest_route=%2Fwp%2Fv2%2Fmedia&parent=8107"}],"wp:term":[{"taxonomy":"category","embeddable":true,"href":"https:\/\/www.toque-musicall.com\/index.php?rest_route=%2Fwp%2Fv2%2Fcategories&post=8107"},{"taxonomy":"post_tag","embeddable":true,"href":"https:\/\/www.toque-musicall.com\/index.php?rest_route=%2Fwp%2Fv2%2Ftags&post=8107"}],"curies":[{"name":"wp","href":"https:\/\/api.w.org\/{rel}","templated":true}]}}