{"id":811,"date":"2010-06-17T10:42:00","date_gmt":"2010-06-17T10:42:00","guid":{"rendered":"http:\/\/www.toque-musicall.com\/?p=811"},"modified":"2010-06-17T10:42:00","modified_gmt":"2010-06-17T10:42:00","slug":"as-maiorais-do-ano-1959","status":"publish","type":"post","link":"https:\/\/www.toque-musicall.com\/?p=811","title":{"rendered":"As Maiorais do Ano (1959)"},"content":{"rendered":"<p><a href=\"http:\/\/2.bp.blogspot.com\/_DSKVEvHtskc\/TBn96jKo6zI\/AAAAAAAAGqQ\/d2M5x3L6Bno\/s1600\/as+maiorais+P.JPG\"><img decoding=\"async\" style=\"TEXT-ALIGN: center; MARGIN: 0px auto 10px; WIDTH: 400px; DISPLAY: block; HEIGHT: 400px; CURSOR: hand\" id=\"BLOGGER_PHOTO_ID_5483693203614395186\" border=\"0\" alt=\"\" src=\"http:\/\/2.bp.blogspot.com\/_DSKVEvHtskc\/TBn96jKo6zI\/AAAAAAAAGqQ\/d2M5x3L6Bno\/s400\/as+maiorais+P.JPG\" \/><\/a> Para n\u00e3o ficarmos apenas orbitando sobre futebol e festa junina, aqui temos uma boa colet\u00e2nea do selo Continental, disco este lan\u00e7ado no ano de 1959. Temos nesta sele\u00e7\u00e3o musical um leque variado do &#8216;cast&#8217; da gravadora. Algumas m\u00fasicas at\u00e9 j\u00e1 foram apresentadas aqui em seus \u00e1lbuns originais, todavia h\u00e1 outras, raros momentos que ir\u00e3o despertar o interesse. S\u00e3o amostras do que foi produzido pela gravadora naquele ano. Vejam que boa colet\u00e2nea&#8230;<\/p>\n<div align=\"center\">baiano burro nasce morto &#8211; gordurinha <\/div>\n<div align=\"center\">ela disse-me assim &#8211; jamel\u00e3o<\/div>\n<div align=\"center\">perfume de gard\u00eania &#8211; lauro paiva<\/div>\n<div align=\"center\">eu sei que vou te amar &#8211; albertinho fortuna<\/div>\n<div align=\"center\">quero beijar-te as m\u00e3os &#8211; duo guaruj\u00e1<\/div>\n<div align=\"center\">fuma\u00e7a nos teus olhos (smoke gets in your eyes) &#8211; tito madi<br \/>a felicidade &#8211; chiquinho e seu conjunto<\/div>\n<div align=\"center\">luna de miel en puerto rico &#8211; titulares do ritmo<\/div>\n<div align=\"center\">est\u00fapido cupido &#8211; neide fraga<\/div>\n<div align=\"center\">a filha da lavadeira &#8211; risadinha<\/div>\n<div align=\"center\">voc\u00ea &#8211; marina barbosa<\/div>\n<div align=\"center\">manh\u00e3 de carnaval &#8211; bil farr<\/div>\n","protected":false},"excerpt":{"rendered":"<p>Para n\u00e3o ficarmos apenas orbitando sobre futebol e festa junina, aqui temos uma boa colet\u00e2nea do selo Continental, disco este lan\u00e7ado no ano de 1959. Temos nesta sele\u00e7\u00e3o musical um leque variado do &#8216;cast&#8217; da gravadora. Algumas m\u00fasicas at\u00e9 j\u00e1 &hellip; <a href=\"https:\/\/www.toque-musicall.com\/?p=811\">Continue lendo <span class=\"meta-nav\">&rarr;<\/span><\/a><\/p>\n","protected":false},"author":1,"featured_media":0,"comment_status":"open","ping_status":"closed","sticky":false,"template":"","format":"standard","meta":{"footnotes":""},"categories":[1067,1112,1109,1110,1111,1005,681,1108,161,352,89,308],"tags":[],"class_list":["post-811","post","type-post","status-publish","format-standard","hentry","category-albertinho-fortuna","category-bil-farr","category-chiquinho-e-seu-conjunto","category-duo-guaruja","category-gordurinha","category-jamelao","category-lauro-paiva","category-marina-barbosa","category-neide-fraga","category-risadinha","category-tito-madi","category-titulares-do-ritmo"],"_links":{"self":[{"href":"https:\/\/www.toque-musicall.com\/index.php?rest_route=\/wp\/v2\/posts\/811","targetHints":{"allow":["GET"]}}],"collection":[{"href":"https:\/\/www.toque-musicall.com\/index.php?rest_route=\/wp\/v2\/posts"}],"about":[{"href":"https:\/\/www.toque-musicall.com\/index.php?rest_route=\/wp\/v2\/types\/post"}],"author":[{"embeddable":true,"href":"https:\/\/www.toque-musicall.com\/index.php?rest_route=\/wp\/v2\/users\/1"}],"replies":[{"embeddable":true,"href":"https:\/\/www.toque-musicall.com\/index.php?rest_route=%2Fwp%2Fv2%2Fcomments&post=811"}],"version-history":[{"count":0,"href":"https:\/\/www.toque-musicall.com\/index.php?rest_route=\/wp\/v2\/posts\/811\/revisions"}],"wp:attachment":[{"href":"https:\/\/www.toque-musicall.com\/index.php?rest_route=%2Fwp%2Fv2%2Fmedia&parent=811"}],"wp:term":[{"taxonomy":"category","embeddable":true,"href":"https:\/\/www.toque-musicall.com\/index.php?rest_route=%2Fwp%2Fv2%2Fcategories&post=811"},{"taxonomy":"post_tag","embeddable":true,"href":"https:\/\/www.toque-musicall.com\/index.php?rest_route=%2Fwp%2Fv2%2Ftags&post=811"}],"curies":[{"name":"wp","href":"https:\/\/api.w.org\/{rel}","templated":true}]}}