{"id":812,"date":"2010-06-16T11:27:00","date_gmt":"2010-06-16T11:27:00","guid":{"rendered":"http:\/\/www.toque-musicall.com\/?p=812"},"modified":"2010-06-16T11:27:00","modified_gmt":"2010-06-16T11:27:00","slug":"mario-zan-com-bandinha-e-coro-festas-juninas-1988","status":"publish","type":"post","link":"https:\/\/www.toque-musicall.com\/?p=812","title":{"rendered":"Mario Zan Com Bandinha E Coro &#8211; Festas Juninas (1988)"},"content":{"rendered":"<p><a href=\"http:\/\/2.bp.blogspot.com\/_DSKVEvHtskc\/TBi1dUOOdYI\/AAAAAAAAGqE\/ExVvFSiFpHg\/s1600\/mario+zan+P.JPG\"><img decoding=\"async\" style=\"TEXT-ALIGN: center; MARGIN: 0px auto 10px; WIDTH: 400px; DISPLAY: block; HEIGHT: 397px; CURSOR: hand\" id=\"BLOGGER_PHOTO_ID_5483332061572789634\" border=\"0\" alt=\"\" src=\"http:\/\/2.bp.blogspot.com\/_DSKVEvHtskc\/TBi1dUOOdYI\/AAAAAAAAGqE\/ExVvFSiFpHg\/s400\/mario+zan+P.JPG\" \/><\/a> Ol\u00e1 amigos cultos e ocultos! Para n\u00e3o dizerem depois que eu deixei passar em branco as festividades juninas, estou postando aqui um disco &#8216;joinha&#8217;. S\u00e3o Jo\u00e3o n\u00e3o vai poder reclarmar do blog, disco para a festa t\u00e1 a\u00ed&#8230; E se quiserem mais, basta localizar no \u00edndice outros t\u00edtulos j\u00e1 postados aqui em anos anteriores. Tem muita coisa e bem variada.<br \/>Segue nesta postagem um disco do Mario Zan, figura que sempre prestigiou as festas populares, um artista que possui um vasto repert\u00f3rio para animar qualquer noite de S\u00e3o Jo\u00e3o. No \u00e1lbum ele vem acompanhado de outra figura ilustre, a grande Inezita Barroso, que aqui vem cuidando da marca\u00e7\u00e3o da quadrilha. J\u00e1 est\u00e1 tudo pronto, basta agora ajeitar o arraial, subir as bandeinhas, preparar a fogueira, quent\u00e3o, milho cozido, p\u00e9 de moleque e broa de fub\u00e1. Chame os amigos, crie os casais vestidos a carater e ponham a m\u00fasica para rodar. Vai ser uma festa e tanto, com certeza! \ud83d\ude42<\/p>\n<div align=\"center\">a verdadeira quadrilha n\u00ba 1<\/div>\n<div align=\"center\">sele\u00e7\u00e3o de arrasta p\u00e9:<\/div>\n<div align=\"center\">feij\u00e3o queimado<\/div>\n<div align=\"center\">festa na ro\u00e7a<\/div>\n<div align=\"center\">festa sertaneja<\/div>\n<div align=\"center\">assanhadinha<\/div>\n<div align=\"center\">dona candinha (sanfoneiro folgado)<\/div>\n<div align=\"center\">sele\u00e7\u00e3o de m\u00fasicas juninas:<\/div>\n<div align=\"center\">pula fogueira<\/div>\n<div align=\"center\">chegou a hora da fogueira<\/div>\n<div align=\"center\">isto \u00e9 l\u00e1 com santo antonio<\/div>\n<div align=\"center\">sonho de papel<\/div>\n<div align=\"center\">pedro antonio e jo\u00e3o<\/div>\n<div align=\"center\">noite de junho<\/div>\n<div align=\"center\">cai cai bal\u00e3o<\/div>\n<div align=\"center\">capelinha de mel\u00e3o<\/div>\n<div align=\"center\">sele\u00e7\u00e3o de arrasta p\u00e9:<\/div>\n<div align=\"center\">essa \u00e9 boa<\/div>\n<div align=\"center\">caipirinha<\/div>\n<div align=\"center\">estou na minha<\/div>\n<div align=\"center\">sou ga\u00facho<\/div>\n<div align=\"center\"> <\/div>\n<div align=\"center\"> <\/div>\n","protected":false},"excerpt":{"rendered":"<p>Ol\u00e1 amigos cultos e ocultos! Para n\u00e3o dizerem depois que eu deixei passar em branco as festividades juninas, estou postando aqui um disco &#8216;joinha&#8217;. S\u00e3o Jo\u00e3o n\u00e3o vai poder reclarmar do blog, disco para a festa t\u00e1 a\u00ed&#8230; E se &hellip; <a href=\"https:\/\/www.toque-musicall.com\/?p=812\">Continue lendo <span class=\"meta-nav\">&rarr;<\/span><\/a><\/p>\n","protected":false},"author":1,"featured_media":0,"comment_status":"open","ping_status":"closed","sticky":false,"template":"","format":"standard","meta":{"footnotes":""},"categories":[845,692],"tags":[],"class_list":["post-812","post","type-post","status-publish","format-standard","hentry","category-inezita-barroso","category-mario-zan"],"_links":{"self":[{"href":"https:\/\/www.toque-musicall.com\/index.php?rest_route=\/wp\/v2\/posts\/812","targetHints":{"allow":["GET"]}}],"collection":[{"href":"https:\/\/www.toque-musicall.com\/index.php?rest_route=\/wp\/v2\/posts"}],"about":[{"href":"https:\/\/www.toque-musicall.com\/index.php?rest_route=\/wp\/v2\/types\/post"}],"author":[{"embeddable":true,"href":"https:\/\/www.toque-musicall.com\/index.php?rest_route=\/wp\/v2\/users\/1"}],"replies":[{"embeddable":true,"href":"https:\/\/www.toque-musicall.com\/index.php?rest_route=%2Fwp%2Fv2%2Fcomments&post=812"}],"version-history":[{"count":0,"href":"https:\/\/www.toque-musicall.com\/index.php?rest_route=\/wp\/v2\/posts\/812\/revisions"}],"wp:attachment":[{"href":"https:\/\/www.toque-musicall.com\/index.php?rest_route=%2Fwp%2Fv2%2Fmedia&parent=812"}],"wp:term":[{"taxonomy":"category","embeddable":true,"href":"https:\/\/www.toque-musicall.com\/index.php?rest_route=%2Fwp%2Fv2%2Fcategories&post=812"},{"taxonomy":"post_tag","embeddable":true,"href":"https:\/\/www.toque-musicall.com\/index.php?rest_route=%2Fwp%2Fv2%2Ftags&post=812"}],"curies":[{"name":"wp","href":"https:\/\/api.w.org\/{rel}","templated":true}]}}