{"id":813,"date":"2010-06-15T10:02:00","date_gmt":"2010-06-15T10:02:00","guid":{"rendered":"http:\/\/www.toque-musicall.com\/?p=813"},"modified":"2010-06-15T10:02:00","modified_gmt":"2010-06-15T10:02:00","slug":"mexicoracao-copa-86-1986","status":"publish","type":"post","link":"https:\/\/www.toque-musicall.com\/?p=813","title":{"rendered":"Mexicora\u00e7\u00e3o &#8211; Copa 86 (1986)"},"content":{"rendered":"<p><a href=\"http:\/\/2.bp.blogspot.com\/_DSKVEvHtskc\/TBdQBZaTfqI\/AAAAAAAAGp4\/fe0an5kRiXQ\/s1600\/mexicora%C3%A7%C3%A3o+P.JPG\"><img decoding=\"async\" style=\"TEXT-ALIGN: center; MARGIN: 0px auto 10px; WIDTH: 400px; DISPLAY: block; HEIGHT: 398px; CURSOR: hand\" id=\"BLOGGER_PHOTO_ID_5482939056278175394\" border=\"0\" alt=\"\" src=\"http:\/\/2.bp.blogspot.com\/_DSKVEvHtskc\/TBdQBZaTfqI\/AAAAAAAAGp4\/fe0an5kRiXQ\/s400\/mexicora%C3%A7%C3%A3o+P.JPG\" \/><\/a> Vamos que vamos, Brasil!!! Hoje tem a estr\u00e9ia da Sele\u00e7\u00e3o Brasileira e t\u00e1 todo mundo ligado na mesma emo\u00e7\u00e3o, com diz a m\u00fasica. Eu, obviamente, n\u00e3o poderia deixar de dar um toque de celebra\u00e7\u00e3o \u00e0 festa que est\u00e1 apenas come\u00e7ando. Como brasileiro e torcedor, desejo boa sorte para esse time do Dunga. Vamos l\u00e1, vamos trazer a Copa de novo para o Brasil.<br \/>Para ajudar na comemora\u00e7\u00e3o e tamb\u00e9m para embalar as festas ap\u00f3s o jogo, aqui vai este disco recheado com aquelas can\u00e7\u00f5es que todo mundo conhece, as trilhas e os temas de diversas Copas do Mundo. Uma sele\u00e7\u00e3o musical que \u00e9 s\u00f3 alegria. Viva o Brasil!!!<\/p>\n<div align=\"center\"> mexe cora\u00e7\u00e3o &#8211; turma da sele\u00e7\u00e3o<\/div>\n<div align=\"center\">pra frente brasil &#8211; coral do caneco<\/div>\n<div align=\"center\">povo feliz &#8211; junior<\/div>\n<div align=\"center\">bola pra frente &#8211; santa cruz<\/div>\n<div align=\"center\">eu acredito nesse time &#8211; gool 86<\/div>\n<div align=\"center\">corrente 78 (o hino da copa) &#8211; coral de joab<\/div>\n<div align=\"center\">70 neles &#8211; gal costa<\/div>\n<div align=\"center\">a ta\u00e7a do mundo \u00e9 nossa &#8211; coral do caneco<\/div>\n<div align=\"center\">meu canarinho &#8211; luiz ayr\u00e3o<\/div>\n<div align=\"center\">g\u00f4\u00f4\u00f4\u00f4-\u00f4\u00f4l! brasil! &#8211; os incr\u00edveis<\/div>\n<div align=\"center\">sou tri campe\u00e3o &#8211; golden boys<\/div>\n<div align=\"center\">mexe cora\u00e7\u00e3o &#8211; instrumental para karaok\u00ea<\/div>\n<div align=\"center\"> <\/div>\n<div align=\"center\"> <\/div>\n","protected":false},"excerpt":{"rendered":"<p>Vamos que vamos, Brasil!!! Hoje tem a estr\u00e9ia da Sele\u00e7\u00e3o Brasileira e t\u00e1 todo mundo ligado na mesma emo\u00e7\u00e3o, com diz a m\u00fasica. Eu, obviamente, n\u00e3o poderia deixar de dar um toque de celebra\u00e7\u00e3o \u00e0 festa que est\u00e1 apenas come\u00e7ando. &hellip; <a href=\"https:\/\/www.toque-musicall.com\/?p=813\">Continue lendo <span class=\"meta-nav\">&rarr;<\/span><\/a><\/p>\n","protected":false},"author":1,"featured_media":0,"comment_status":"open","ping_status":"closed","sticky":false,"template":"","format":"standard","meta":{"footnotes":""},"categories":[1115,1116,291,107,1104,1114,370,1113],"tags":[],"class_list":["post-813","post","type-post","status-publish","format-standard","hentry","category-coral-do-caneco","category-coral-joab","category-gal-costa","category-golden-boys","category-luiz-ayrao","category-mexicoracao","category-os-incriveis","category-turma-da-selecao"],"_links":{"self":[{"href":"https:\/\/www.toque-musicall.com\/index.php?rest_route=\/wp\/v2\/posts\/813","targetHints":{"allow":["GET"]}}],"collection":[{"href":"https:\/\/www.toque-musicall.com\/index.php?rest_route=\/wp\/v2\/posts"}],"about":[{"href":"https:\/\/www.toque-musicall.com\/index.php?rest_route=\/wp\/v2\/types\/post"}],"author":[{"embeddable":true,"href":"https:\/\/www.toque-musicall.com\/index.php?rest_route=\/wp\/v2\/users\/1"}],"replies":[{"embeddable":true,"href":"https:\/\/www.toque-musicall.com\/index.php?rest_route=%2Fwp%2Fv2%2Fcomments&post=813"}],"version-history":[{"count":0,"href":"https:\/\/www.toque-musicall.com\/index.php?rest_route=\/wp\/v2\/posts\/813\/revisions"}],"wp:attachment":[{"href":"https:\/\/www.toque-musicall.com\/index.php?rest_route=%2Fwp%2Fv2%2Fmedia&parent=813"}],"wp:term":[{"taxonomy":"category","embeddable":true,"href":"https:\/\/www.toque-musicall.com\/index.php?rest_route=%2Fwp%2Fv2%2Fcategories&post=813"},{"taxonomy":"post_tag","embeddable":true,"href":"https:\/\/www.toque-musicall.com\/index.php?rest_route=%2Fwp%2Fv2%2Ftags&post=813"}],"curies":[{"name":"wp","href":"https:\/\/api.w.org\/{rel}","templated":true}]}}