{"id":8167,"date":"2021-01-11T20:45:35","date_gmt":"2021-01-11T23:45:35","guid":{"rendered":"http:\/\/www.toque-musicall.com\/?p=8167"},"modified":"2021-01-11T20:45:35","modified_gmt":"2021-01-11T23:45:35","slug":"muita-bossa-com-1965","status":"publish","type":"post","link":"https:\/\/www.toque-musicall.com\/?p=8167","title":{"rendered":"Muita Bossa Com&#8230; (1965)"},"content":{"rendered":"\n<figure class=\"wp-block-image size-large\"><img decoding=\"async\" src=\"https:\/\/1.bp.blogspot.com\/-mT0VJxztydw\/X_zdzeK6CoI\/AAAAAAAAS1o\/cFqfnzcunrMTvJpqM_DUIH_ZAYIIEVXfwCLcBGAsYHQ\/w640-h640\/Anota%25C3%25A7%25C3%25A3o%2B2020-12-23%2B152118.jpg\" alt=\"\"\/><\/figure>\n\n\n\n<figure class=\"wp-block-image size-large\"><img decoding=\"async\" src=\"https:\/\/1.bp.blogspot.com\/-osC_WcDnhbg\/X_zdzfdy71I\/AAAAAAAAS1s\/Zn9paiIQRBknXt7MTgLRyZzWWdsJCFbZACLcBGAsYHQ\/w640-h640\/Anota%25C3%25A7%25C3%25A3o%2B2020-12-23%2B152208.jpg\" alt=\"\"\/><\/figure>\n\n\n<div class=\"separator\">Boa noite, prezados amigos cultos e ocultos! Hoje o Toque Musical oferece a voc\u00eas uma colet\u00e2nea com v\u00e1rios nomes da bossa nova. \u00c9 \u201cMuita bossa com&#8230;\u201d, lan\u00e7ada em 1965 pela Philips com o selo Fantasia. Foram selecionados para integrar este disco dez nomes de destaque, alguns at\u00e9 precursores da bossa nova, com um repert\u00f3rio de \u00f3tima qualidade. Agostinho dos Santos comparece com \u201cMaria dos meus pecados\u201d e \u201cEu n\u00e3o existo sem voc\u00ea\u201d. Baden Powell, um mestre do viol\u00e3o, vem com \u201cSamba triste\u201d e \u201cDum&#8230; dum&#8230; dum&#8230; dum\u201d. Carlos Lyra entrou com os cl\u00e1ssicos \u201cMarcha da quarta-feira de cinzas\u201d e \u201cMaria Ningu\u00e9m\u201d.\u00a0 Sylvia Telles, de quem o TM j\u00e1 apresentou alguns discos, aqui interpreta \u201cTr\u00e1 l\u00e1 l\u00e1 l\u00e1 l\u00e1\u201d, \u201cManh\u00e3 de carnaval\u201d e \u201cCan\u00e7\u00e3o que morre no ar\u201d. O Poetinha Vin\u00edcius de Moraes aqui nos apresenta \u201cPela luz dos olhos teus\u201d, letra e m\u00fasica dele pr\u00f3prio, e que marcou sua estreia em disco como int\u00e9rprete, em 1960. Anos mais tarde, esta m\u00fasica seria regravada em dupla por Tom Jobim e Mi\u00facha, vers\u00e3o que inclusive foi tema de abertura da novela global \u201cMulheres apaixonadas\u201d (2003). Portanto, eis aqui o registro original. L\u00facio Alves, precursor e depois integrante da bossa nova, aqui revive os cl\u00e1ssicos \u201cA vizinha do lado\u201d e \u201cSamba da minha terra\u201d, ambos de autoria do mestre Dorival Caymmi. Eliana, que n\u00e3o \u00e9 outra sen\u00e3o Eliana Pittman, apresenta aqui \u201cEstrelinha\u201d, sens\u00edvel composi\u00e7\u00e3o de S\u00e9rgio Bittencourt. Por fim, S\u00f4nia Delfino, sobrinha da tamb\u00e9m cantora Ademilde Fonseca e uma das precursoras do rock brasileiro, aqui comparece com a graciosa \u201cLuluzinha bossa nova\u201d, inspirada na conhecida personagem das hist\u00f3rias em quadrinhos criada nos EUA por Marjorie Henderson Buell. Enfim, uma colet\u00e2nea com momentos sublimes e que, por isso mesmo, \u00e9 merecedora de nosso Toque Musical. N\u00e3o deixem de conferir no GTM.\u00a0<\/div>\n<div class=\"separator\">\u00a0<\/div>\n<div class=\"separator\">maria dos meus pecados &#8211; agostinho dos santos<\/div>\n<div class=\"separator\">samba triste &#8211; baden powell<\/div>\n<div class=\"separator\">tr\u00e1 l\u00e1 l\u00e1 l\u00e1 l\u00e1 &#8211; sylvia telles<\/div>\n<div class=\"separator\">marcha da quarta feira de cinzas &#8211; calos lyra<\/div>\n<div class=\"separator\">a vizinha do lado &#8211; l\u00facio alves<\/div>\n<div class=\"separator\">estrelinha &#8211; eliana pittman<\/div>\n<div class=\"separator\">eu n\u00e3o existo sem voc\u00ea &#8211; agostinho dos santos<\/div>\n<div class=\"separator\">can\u00e7\u00e3o que morre no ar &#8211; sylvia telles<\/div>\n<div class=\"separator\">dum&#8230; dum&#8230; dum&#8230; dum &#8211; baden powell<\/div>\n<div class=\"separator\">luluzinha bossa nova &#8211; sonia delfino<\/div>\n<div class=\"separator\">maria ningu\u00e9m &#8211; carlos lyra<\/div>\n<div class=\"separator\">\u00a0<\/div>\n<div class=\"separator\">\u00a0<\/div>\n<div class=\"separator\">*Texto de Samuel Machado Filho<\/div>","protected":false},"excerpt":{"rendered":"<p>Boa noite, prezados amigos cultos e ocultos! Hoje o Toque Musical oferece a voc\u00eas uma colet\u00e2nea com v\u00e1rios nomes da bossa nova. \u00c9 \u201cMuita bossa com&#8230;\u201d, lan\u00e7ada em 1965 pela Philips com o selo Fantasia. Foram selecionados para integrar este &hellip; <a href=\"https:\/\/www.toque-musicall.com\/?p=8167\">Continue lendo <span class=\"meta-nav\">&rarr;<\/span><\/a><\/p>\n","protected":false},"author":1,"featured_media":0,"comment_status":"closed","ping_status":"closed","sticky":false,"template":"","format":"standard","meta":{"footnotes":""},"categories":[4234,2567],"tags":[4235,4236],"class_list":["post-8167","post","type-post","status-publish","format-standard","hentry","category-muita-bossa-com","category-selo-fantasia","tag-muita-bossa","tag-selo-fantasia"],"_links":{"self":[{"href":"https:\/\/www.toque-musicall.com\/index.php?rest_route=\/wp\/v2\/posts\/8167","targetHints":{"allow":["GET"]}}],"collection":[{"href":"https:\/\/www.toque-musicall.com\/index.php?rest_route=\/wp\/v2\/posts"}],"about":[{"href":"https:\/\/www.toque-musicall.com\/index.php?rest_route=\/wp\/v2\/types\/post"}],"author":[{"embeddable":true,"href":"https:\/\/www.toque-musicall.com\/index.php?rest_route=\/wp\/v2\/users\/1"}],"replies":[{"embeddable":true,"href":"https:\/\/www.toque-musicall.com\/index.php?rest_route=%2Fwp%2Fv2%2Fcomments&post=8167"}],"version-history":[{"count":1,"href":"https:\/\/www.toque-musicall.com\/index.php?rest_route=\/wp\/v2\/posts\/8167\/revisions"}],"predecessor-version":[{"id":8168,"href":"https:\/\/www.toque-musicall.com\/index.php?rest_route=\/wp\/v2\/posts\/8167\/revisions\/8168"}],"wp:attachment":[{"href":"https:\/\/www.toque-musicall.com\/index.php?rest_route=%2Fwp%2Fv2%2Fmedia&parent=8167"}],"wp:term":[{"taxonomy":"category","embeddable":true,"href":"https:\/\/www.toque-musicall.com\/index.php?rest_route=%2Fwp%2Fv2%2Fcategories&post=8167"},{"taxonomy":"post_tag","embeddable":true,"href":"https:\/\/www.toque-musicall.com\/index.php?rest_route=%2Fwp%2Fv2%2Ftags&post=8167"}],"curies":[{"name":"wp","href":"https:\/\/api.w.org\/{rel}","templated":true}]}}