{"id":8171,"date":"2021-01-12T22:44:23","date_gmt":"2021-01-13T01:44:23","guid":{"rendered":"http:\/\/www.toque-musicall.com\/?p=8171"},"modified":"2021-01-12T22:44:23","modified_gmt":"2021-01-13T01:44:23","slug":"dilermando-pinheiro-e-seu-famoso-chapeu-de-paula-sambas-do-passado-vol-2-1956","status":"publish","type":"post","link":"https:\/\/www.toque-musicall.com\/?p=8171","title":{"rendered":"Dilermando Pinheiro E Seu Famoso Chap\u00e9u De Paula &#8211; Sambas Do Passado Vol. 2 (1956)"},"content":{"rendered":"\n<figure class=\"wp-block-image size-large\"><img decoding=\"async\" src=\"https:\/\/1.bp.blogspot.com\/-zuXNPfsRxYw\/X_5FVTOR44I\/AAAAAAAAS2E\/KFftHo7vtu4JkSR7y6yKfGvq8HorjXlAwCLcBGAsYHQ\/w640-h632\/Anota%25C3%25A7%25C3%25A3o%2B2021-01-12%2B214310.jpg\" alt=\"\"\/><\/figure>\n\n\n\n<figure class=\"wp-block-image size-large\"><img decoding=\"async\" src=\"https:\/\/1.bp.blogspot.com\/-6C-mrVyDIZE\/X_5FVaLqC4I\/AAAAAAAAS2I\/VT2hQH2PKrs9huKEDgpdaWYBo4CWXFm-wCLcBGAsYHQ\/w640-h626\/Anota%25C3%25A7%25C3%25A3o%2B2021-01-12%2B214400.jpg\" alt=\"\"\/><\/figure>\n\n\n<div class=\"separator\">E a\u00ed, meus amigos cultos e ocultos, est\u00e3o gostando da nossa sele\u00e7\u00e3o fonomusical de janeiro? Eu acredito que sim, claro! Nossa miss\u00e3o \u00e9 agradar aos gregos e aos troianos, aos meus amados esquerdistas e tamb\u00e9m aos meus odiosos golpistas que acabaram virando gado. Sim, &#8220;o importante \u00e9 que a nossa emo\u00e7\u00e3o sobreviva&#8221; e n\u00e3o h\u00e1 nada melhor que a m\u00fasica para acalmar os bichos&#8230; hehehe&#8230;<\/div>\n<div class=\"separator\">Ent\u00e3o&#8230; nosso encontro hoje \u00e9 com o lend\u00e1rio Dilermando Pinheiro. Carioca da gema e um aut\u00eantico bo\u00eamio. Sua carreira come\u00e7a nos anos 30, um precursor do chamado &#8216;samba de breque&#8217;. Uma de suas marcas era o batuque no chap\u00e9u de palha e aqui neste lp vamos poder presenciar isso ao longo das oito faixas deste lp de 10 polegadas, lan\u00e7ado pela Musidisc em 1956. Na verdade, este foi o segundo volume, lan\u00e7ado tamb\u00e9m no mesmo ano do primeiro. Como o nome mesmo diz, trata-se de uma sele\u00e7\u00e3o de sambas do passado, cl\u00e1ssicos dos anos 30 e 40. Uma del\u00edcia de disquinho que s\u00f3 mesmo quem conhece pode dizer. Se algu\u00e9m aqui ainda n\u00e3o ouviu, a oportunidade \u00e9 esta. Confiram no nosso GTM. E qualquer hora dessas e publico aqui o volume 1 para completar, ok?<\/div>\n<div class=\"separator\">\u00a0<\/div>\n<div class=\"separator\">vai cavar a nota<\/div>\n<div class=\"separator\">m\u00e1goas de um vagabundo<\/div>\n<div class=\"separator\">velhos tempos<\/div>\n<div class=\"separator\">faceira<\/div>\n<div class=\"separator\">vai haver barulho no chateau<\/div>\n<div class=\"separator\">at\u00e9 amanh\u00e3<\/div>\n<div class=\"separator\">retratinho<\/div>\n<div class=\"separator\">nega risoleta<\/div>\n<div class=\"separator\">\u00a0<\/div>\n<div class=\"separator\">\u00a0<\/div>\n<div class=\"separator\">.<\/div>\n<div class=\"separator\">\u00a0<\/div>\n<div class=\"separator\">\u00a0<\/div>","protected":false},"excerpt":{"rendered":"<p>E a\u00ed, meus amigos cultos e ocultos, est\u00e3o gostando da nossa sele\u00e7\u00e3o fonomusical de janeiro? Eu acredito que sim, claro! Nossa miss\u00e3o \u00e9 agradar aos gregos e aos troianos, aos meus amados esquerdistas e tamb\u00e9m aos meus odiosos golpistas que &hellip; <a href=\"https:\/\/www.toque-musicall.com\/?p=8171\">Continue lendo <span class=\"meta-nav\">&rarr;<\/span><\/a><\/p>\n","protected":false},"author":1,"featured_media":0,"comment_status":"closed","ping_status":"closed","sticky":false,"template":"","format":"standard","meta":{"footnotes":""},"categories":[220,35],"tags":[4237,3514],"class_list":["post-8171","post","type-post","status-publish","format-standard","hentry","category-dilermando-pinheiro","category-selo-musidisc","tag-dilermando-pinheiro","tag-selo-musidisc"],"_links":{"self":[{"href":"https:\/\/www.toque-musicall.com\/index.php?rest_route=\/wp\/v2\/posts\/8171","targetHints":{"allow":["GET"]}}],"collection":[{"href":"https:\/\/www.toque-musicall.com\/index.php?rest_route=\/wp\/v2\/posts"}],"about":[{"href":"https:\/\/www.toque-musicall.com\/index.php?rest_route=\/wp\/v2\/types\/post"}],"author":[{"embeddable":true,"href":"https:\/\/www.toque-musicall.com\/index.php?rest_route=\/wp\/v2\/users\/1"}],"replies":[{"embeddable":true,"href":"https:\/\/www.toque-musicall.com\/index.php?rest_route=%2Fwp%2Fv2%2Fcomments&post=8171"}],"version-history":[{"count":1,"href":"https:\/\/www.toque-musicall.com\/index.php?rest_route=\/wp\/v2\/posts\/8171\/revisions"}],"predecessor-version":[{"id":8172,"href":"https:\/\/www.toque-musicall.com\/index.php?rest_route=\/wp\/v2\/posts\/8171\/revisions\/8172"}],"wp:attachment":[{"href":"https:\/\/www.toque-musicall.com\/index.php?rest_route=%2Fwp%2Fv2%2Fmedia&parent=8171"}],"wp:term":[{"taxonomy":"category","embeddable":true,"href":"https:\/\/www.toque-musicall.com\/index.php?rest_route=%2Fwp%2Fv2%2Fcategories&post=8171"},{"taxonomy":"post_tag","embeddable":true,"href":"https:\/\/www.toque-musicall.com\/index.php?rest_route=%2Fwp%2Fv2%2Ftags&post=8171"}],"curies":[{"name":"wp","href":"https:\/\/api.w.org\/{rel}","templated":true}]}}