{"id":8176,"date":"2021-01-14T23:07:00","date_gmt":"2021-01-15T02:07:00","guid":{"rendered":"http:\/\/www.toque-musicall.com\/?p=8176"},"modified":"2021-01-14T23:18:56","modified_gmt":"2021-01-15T02:18:56","slug":"la-joven-guardia-canta-roque-narvaja-1982","status":"publish","type":"post","link":"https:\/\/www.toque-musicall.com\/?p=8176","title":{"rendered":"La Joven Guardia Canta Roque Narvaja (1982)"},"content":{"rendered":"\n<figure class=\"wp-block-image size-large\"><img decoding=\"async\" src=\"https:\/\/1.bp.blogspot.com\/-ZwsxM1t6aCc\/YADq7rFSwSI\/AAAAAAAAS2w\/ufIDX9mzX1sk8o61YB3FRnQhvpAc4yyFwCLcBGAsYHQ\/w632-h640\/Anota%25C3%25A7%25C3%25A3o%2B2021-01-14%2B201904.jpg\" alt=\"\"\/><\/figure>\n\n\n\n<figure class=\"wp-block-image size-large\"><img decoding=\"async\" src=\"https:\/\/1.bp.blogspot.com\/-aFoc3hfBdNY\/YADq7mMBePI\/AAAAAAAAS2s\/hfxrWCncPZoqW9JPiUowmRS9MhjLIlncACLcBGAsYHQ\/w636-h640\/Anota%25C3%25A7%25C3%25A3o%2B2021-01-14%2B201818.jpg\" alt=\"\"\/><\/figure>\n\n\n<div class=\"separator\">Buenas noches, amigos cultos e ocultos! Como se v\u00ea, janeiro \u00e9 mesmo sortido e hoje, mais uma vez, continuamos em nossa saga, trazendo m\u00fasica para se ouvir com outros olhos. Esta postagem vai, em especial, para o meu amigo culto F\u00e1res, um f\u00e3 incondicional da Jovem Guarda, Beatles e tudo que de bom rolou naqueles anos 60. Nosso encontro \u00e9 com uma dos mais populares grupos de nossos hermanos argentinos, La Joven Guardia, um dos pioneiros grupos de rock surgidos por l\u00e1. Fizeram muito sucesso com m\u00fasicas como&nbsp; &#8220;El extra\u00f1o del pelo largo&#8221; e &#8220;La extra\u00f1a de las botas rosas&#8221;, al\u00e9m de outras tantas, m\u00fasicas essas que est\u00e3o reunidas nesta colet\u00e2nea, lan\u00e7ada na Argentina, nos anos 80. A prop\u00f3sito, Roque Narvaja era a guitarra e a voz da banda e aqui neste lp se contempla exatamente o primeiro per\u00edodo de sua forma\u00e7\u00e3o. La Joven Guardia esteve atuante de 1967 a 78 com diferentes forma\u00e7\u00f5es. Pelo que sei, houve um reencontro em 2015, com direito a show na Fl\u00f3rida (EUA), onde um dos membros da forma\u00e7\u00e3o original, o tecladista F\u00e9lix Pando se radicou. Outra curiosidade vem do nome deste grupo. Eu sempre achei que fosse um nome influenciado pelo movimento da nossa Jovem Guarda, mas n\u00e3o tem nada a ver. O nome vem de um romance do escritor sovi\u00e9tico Aleksandr Fadeyev. O La Joven Guardia, ao contr\u00e1rio de seus vizinhos brasileiros da Jovem Guarda era um grupo engajado com as quest\u00f5es pol\u00edticas e chegaram a ter problemas por conta disso, mas provaram ser menos alienados que a turma de c\u00e1, que tamb\u00e9m fazia rock. Ali\u00e1s, \u00e9 bom que se diga, os argentinos tiveram mais liberdade para se expressar no rock do que os brasileiros. Basta ver a quantidade de bandas que d\u00e3o de dez a zero nas daqui (exceto os Mutantes, que no caso \u00e9 &#8216;hors-concurs&#8217;, hehehe&#8230;) Enfim, \u00e9 isso a\u00ed&#8230; Vamos conferir esta colet\u00e2nea no GTM \ud83d\ude09<\/div>\n<div class=\"separator\">&nbsp;<\/div>\n<div class=\"separator\">el extra\u00f1o del pelo largo<\/div>\n<div class=\"separator\">el comprador de amaneceres<\/div>\n<div class=\"separator\">motores de pastel<\/div>\n<div class=\"separator\">oto\u00f1o<\/div>\n<div class=\"separator\">vuelvo a casa<\/div>\n<div class=\"separator\">pensar que no pensaba enamorame<\/div>\n<div class=\"separator\">la reina de la canci\u00f3n<\/div>\n<div class=\"separator\">la extra\u00f1a de las botas rosas<\/div>\n<div class=\"separator\">despues de la tormenta<\/div>\n<div class=\"separator\">soy igual que los demas<\/div>\n<div class=\"separator\">profecia<\/div>\n<div class=\"separator\">la muerte del extra\u00f1o<\/div>\n<div class=\"separator\">&nbsp;<\/div>\n<div class=\"separator\">&nbsp;<\/div>\n<div class=\"separator\">&nbsp;<\/div>\n<div class=\"separator\">.<\/div>","protected":false},"excerpt":{"rendered":"<p>Buenas noches, amigos cultos e ocultos! Como se v\u00ea, janeiro \u00e9 mesmo sortido e hoje, mais uma vez, continuamos em nossa saga, trazendo m\u00fasica para se ouvir com outros olhos. Esta postagem vai, em especial, para o meu amigo culto &hellip; <a href=\"https:\/\/www.toque-musicall.com\/?p=8176\">Continue lendo <span class=\"meta-nav\">&rarr;<\/span><\/a><\/p>\n","protected":false},"author":1,"featured_media":0,"comment_status":"closed","ping_status":"closed","sticky":false,"template":"","format":"standard","meta":{"footnotes":""},"categories":[2897,4240,4241,615],"tags":[3266,4243,4242,3218],"class_list":["post-8176","post","type-post","status-publish","format-standard","hentry","category-internacional","category-la-joven-guardia","category-roque-narvaja","category-selo-rca-vik","tag-internacional","tag-la-joven-guardia","tag-roque-narvaja","tag-selo-rca-vik"],"_links":{"self":[{"href":"https:\/\/www.toque-musicall.com\/index.php?rest_route=\/wp\/v2\/posts\/8176","targetHints":{"allow":["GET"]}}],"collection":[{"href":"https:\/\/www.toque-musicall.com\/index.php?rest_route=\/wp\/v2\/posts"}],"about":[{"href":"https:\/\/www.toque-musicall.com\/index.php?rest_route=\/wp\/v2\/types\/post"}],"author":[{"embeddable":true,"href":"https:\/\/www.toque-musicall.com\/index.php?rest_route=\/wp\/v2\/users\/1"}],"replies":[{"embeddable":true,"href":"https:\/\/www.toque-musicall.com\/index.php?rest_route=%2Fwp%2Fv2%2Fcomments&post=8176"}],"version-history":[{"count":3,"href":"https:\/\/www.toque-musicall.com\/index.php?rest_route=\/wp\/v2\/posts\/8176\/revisions"}],"predecessor-version":[{"id":8180,"href":"https:\/\/www.toque-musicall.com\/index.php?rest_route=\/wp\/v2\/posts\/8176\/revisions\/8180"}],"wp:attachment":[{"href":"https:\/\/www.toque-musicall.com\/index.php?rest_route=%2Fwp%2Fv2%2Fmedia&parent=8176"}],"wp:term":[{"taxonomy":"category","embeddable":true,"href":"https:\/\/www.toque-musicall.com\/index.php?rest_route=%2Fwp%2Fv2%2Fcategories&post=8176"},{"taxonomy":"post_tag","embeddable":true,"href":"https:\/\/www.toque-musicall.com\/index.php?rest_route=%2Fwp%2Fv2%2Ftags&post=8176"}],"curies":[{"name":"wp","href":"https:\/\/api.w.org\/{rel}","templated":true}]}}