{"id":8181,"date":"2021-01-15T01:14:00","date_gmt":"2021-01-15T04:14:00","guid":{"rendered":"http:\/\/www.toque-musicall.com\/?p=8181"},"modified":"2021-01-16T01:16:56","modified_gmt":"2021-01-16T04:16:56","slug":"som-livre-exportacao-no-2-1971","status":"publish","type":"post","link":"https:\/\/www.toque-musicall.com\/?p=8181","title":{"rendered":"Som Livre Exporta\u00e7\u00e3o N\u00ba 2 (1971)"},"content":{"rendered":"\n<figure class=\"wp-block-image size-large\"><img decoding=\"async\" src=\"https:\/\/1.bp.blogspot.com\/-lhxaQQCwcIE\/YAJlinBfqrI\/AAAAAAAAS3E\/IvJoU6tEtRgSyWrTKmdSIM0L4Uqo1i5mgCLcBGAsYHQ\/w636-h640\/Anota%25C3%25A7%25C3%25A3o%2B2021-01-03%2B094639.jpg\" alt=\"\"\/><\/figure>\n\n\n\n<figure class=\"wp-block-image size-large\"><img decoding=\"async\" src=\"https:\/\/1.bp.blogspot.com\/-Kh4qrbbGyxY\/YAJlil_tRRI\/AAAAAAAAS3A\/aNAjiE46c6widM2QWLWgzCCw428UU4k9gCLcBGAsYHQ\/w616-h640\/Anota%25C3%25A7%25C3%25A3o%2B2021-01-03%2B094825.jpg\" alt=\"\"\/><\/figure>\n\n\n<div class=\"separator\">Ol\u00e1, amigos cultos e ocultos! Hoje vamos relembrar um dos programas de maior sucesso da hist\u00f3ria da Rede Globo de Televis\u00e3o. Trata-se do \u201cSom Livre Exporta\u00e7\u00e3o\u201d, que ficou em cartaz entre 3 de dezembro de 1970 e 22 de agosto de 1971. Era um programa semanal que pretendia oferecer uma vis\u00e3o panor\u00e2mica da m\u00fasica brasileira. A ideia inicial era exportar o programa para promover a m\u00fasica brasileira no exterior, mas isso acabou n\u00e3o acontecendo. Comandado por Elis Regina e Ivan Lins, o programa contou com a participa\u00e7\u00e3o de grandes nomes da MPB, como Aldir Blanc, C\u00e9sar Costa Filho, Chico Buarque, Clementina de Jesus, Gonzaguinha, Tim Maia, Tony Tornado, Toquinho, Vin\u00edcius de Moraes, Roberto Carlos, Wilson Simonal e os grupos Brazuca e Os Mutantes, al\u00e9m de ter revelado uma nova gera\u00e7\u00e3o de m\u00fasicos. Aplaudido pela cr\u00edtica, \u201cSom Livre Exporta\u00e7\u00e3o\u201d revolucionou os musicais de televis\u00e3o ao romper com a f\u00f3rmula do programa de audit\u00f3rio, intercalando depoimentos de personalidades e recolhendo opini\u00f5es de populares, o que imprimia um dinamismo pr\u00f3prio a cada n\u00famero. Alternando planos com cortes que passavam do cantor para a plateia, a dire\u00e7\u00e3o quebrava a imobilidade tradicional dos demais programas do g\u00eanero. O presente \u00e1lbum, gravado ao vivo (ali\u00e1s \u00e9 o volume 2) e lan\u00e7ado pela Philips em 1971, com o selo Forma, re\u00fane alguns dos melhores momentos do \u201cSom Livre Exporta\u00e7\u00e3o\u201d. Tudo come\u00e7a com a Orquestra da TV Globo executando o tema de abertura do programa. Depois, Elis Regina interpreta \u201cBlack is beautiful\u201d, dos irm\u00e3os Valle, nada mais atual nestes tempos de luta pela igualdade racial. Em seguida, um Gonzaguinha em princ\u00edpio de carreira interpreta \u201cRa\u00e7a superior\u201d, de sua autoria. Os Mutantes v\u00eam logo depois com \u201cBenvinda\u201d, de Rita Lee e Arnaldo Batista, e F\u00e1bio (aquele da m\u00fasica \u201cStella\u201d) apresenta \u201cA volta do corisco\u201d, dele e Paulo Imperial. Ivan Lins interpreta \u201cBia, Bia, Beatriz\u201d, de sua parceria com Ronaldo Monteiro de Souza, um dos temas da novela global \u201cO cafona\u201d, cuja trilha sonora estava estourada na \u00e9poca. O Trio Mocot\u00f3 nos apresenta \u201cEsperan\u00e7a\u201d, de Jorge (ent\u00e3o) Ben e Yara Rossi. Maria Beth\u00e2nia vem em seguida, com \u201cDia quatro de dezembro\u201d, de Ti\u00e3o Motorista. Maysa canta \u201cHomem de bem\u201d, de C\u00e9sar Costa Filho e Aldir Blanc. O grupo O Ter\u00e7o, ent\u00e3o despontando com grande vigor, apresenta \u201cSaturday dream\u201d. E, para encerrar, o MPB-4 vem com \u201cEu chego l\u00e1\u201d, composi\u00e7\u00e3o do mestre Dorival Caymmi. Enfim, este \u00e9 um disco repleto de bons momentos, mais uma raridade merecedora de nosso Toque Musical. A conferir no GTM, sem falta.<\/div>\n<div class=\"separator\">\u00a0<\/div>\n<div class=\"separator\">tema de abertura &#8211; orquestra da tv globo<\/div>\n<div class=\"separator\">black is beautiful &#8211; elis regina<\/div>\n<div class=\"separator\">ra\u00e7a superior &#8211; luiz gonzaga jr<\/div>\n<div class=\"separator\">benvinda &#8211; mutantes<\/div>\n<div class=\"separator\">a volta do corisco &#8211; f\u00e1bio<\/div>\n<div class=\"separator\">bia bia beatriz &#8211; ivan lins<\/div>\n<div class=\"separator\">esperan\u00e7a &#8211; trio mocot\u00f3<\/div>\n<div class=\"separator\">dia 4 de dezembro &#8211; maria bethania<\/div>\n<div class=\"separator\">homem de bem &#8211; maysa<\/div>\n<div class=\"separator\">saturday dream &#8211; o ter\u00e7o<\/div>\n<div class=\"separator\">eu cheguei l\u00e1 &#8211; mpb4<\/div>\n<div class=\"separator\">\u00a0<\/div>\n<div class=\"separator\">\u00a0<\/div>\n<div class=\"separator\">\u00a0<\/div>\n<div class=\"separator\">*Texto de Samuel Machado Filho\u00a0<\/div>","protected":false},"excerpt":{"rendered":"<p>Ol\u00e1, amigos cultos e ocultos! Hoje vamos relembrar um dos programas de maior sucesso da hist\u00f3ria da Rede Globo de Televis\u00e3o. Trata-se do \u201cSom Livre Exporta\u00e7\u00e3o\u201d, que ficou em cartaz entre 3 de dezembro de 1970 e 22 de agosto &hellip; <a href=\"https:\/\/www.toque-musicall.com\/?p=8181\">Continue lendo <span class=\"meta-nav\">&rarr;<\/span><\/a><\/p>\n","protected":false},"author":1,"featured_media":0,"comment_status":"closed","ping_status":"closed","sticky":false,"template":"","format":"standard","meta":{"footnotes":""},"categories":[767,4245],"tags":[3240,4244],"class_list":["post-8181","post","type-post","status-publish","format-standard","hentry","category-selo-forma","category-som-livre-exportacao-no-2","tag-selo-forma","tag-som-livre-exportacao-no-2"],"_links":{"self":[{"href":"https:\/\/www.toque-musicall.com\/index.php?rest_route=\/wp\/v2\/posts\/8181","targetHints":{"allow":["GET"]}}],"collection":[{"href":"https:\/\/www.toque-musicall.com\/index.php?rest_route=\/wp\/v2\/posts"}],"about":[{"href":"https:\/\/www.toque-musicall.com\/index.php?rest_route=\/wp\/v2\/types\/post"}],"author":[{"embeddable":true,"href":"https:\/\/www.toque-musicall.com\/index.php?rest_route=\/wp\/v2\/users\/1"}],"replies":[{"embeddable":true,"href":"https:\/\/www.toque-musicall.com\/index.php?rest_route=%2Fwp%2Fv2%2Fcomments&post=8181"}],"version-history":[{"count":1,"href":"https:\/\/www.toque-musicall.com\/index.php?rest_route=\/wp\/v2\/posts\/8181\/revisions"}],"predecessor-version":[{"id":8182,"href":"https:\/\/www.toque-musicall.com\/index.php?rest_route=\/wp\/v2\/posts\/8181\/revisions\/8182"}],"wp:attachment":[{"href":"https:\/\/www.toque-musicall.com\/index.php?rest_route=%2Fwp%2Fv2%2Fmedia&parent=8181"}],"wp:term":[{"taxonomy":"category","embeddable":true,"href":"https:\/\/www.toque-musicall.com\/index.php?rest_route=%2Fwp%2Fv2%2Fcategories&post=8181"},{"taxonomy":"post_tag","embeddable":true,"href":"https:\/\/www.toque-musicall.com\/index.php?rest_route=%2Fwp%2Fv2%2Ftags&post=8181"}],"curies":[{"name":"wp","href":"https:\/\/api.w.org\/{rel}","templated":true}]}}