{"id":8183,"date":"2021-01-16T02:51:00","date_gmt":"2021-01-16T05:51:00","guid":{"rendered":"http:\/\/www.toque-musicall.com\/?p=8183"},"modified":"2021-01-17T02:59:01","modified_gmt":"2021-01-17T05:59:01","slug":"gilberto-de-abreu-a-cia-joao-gilberto-e-clarisse-2001","status":"publish","type":"post","link":"https:\/\/www.toque-musicall.com\/?p=8183","title":{"rendered":"Gilberto De Abreu &#038; A Cia. &#8211; Jo\u00e3o, Gilberto E Clarisse (2001)"},"content":{"rendered":"\n<figure class=\"wp-block-image size-large\"><img decoding=\"async\" src=\"https:\/\/1.bp.blogspot.com\/-nOWANvytLJw\/YAPH0aY_aTI\/AAAAAAAAS3U\/auPHXOe_5vwKSa1ZktIo3VR2XYGReJgzwCLcBGAsYHQ\/w632-h640\/Anota%25C3%25A7%25C3%25A3o%2B2021-01-17%2B021351.jpg\" alt=\"\"\/><\/figure>\n\n\n\n<figure class=\"wp-block-image size-large\"><img decoding=\"async\" src=\"https:\/\/1.bp.blogspot.com\/-Y_HE1kypy3g\/YAPH0eJRrCI\/AAAAAAAAS3Y\/swn6hvNJii4YeaFebE-D5w3NieHX4kzwACLcBGAsYHQ\/w640-h614\/contracapa.jpg\" alt=\"\"\/><\/figure>\n\n\n<div class=\"separator\">Boa noite, meus prezados amigos cultos e ocultos! Em nosso &#8216;drops sortido&#8217; de janeiro, eu hoje quero apresentar a voc\u00eas um cd, ao inv\u00e9s do tradicional vinil\/lp. N\u00e3o me recordo mais onde foi que achei este trabalho, mas h\u00e1 tempos venho querendo trazer aqui para o nosso Toque Musical. Trata-se do genial artista pl\u00e1stico mineiro, nascido na cidade de Espinosa, Minas Gerais. Um talento, que sempre passeou tamb\u00e9m pelos campos da m\u00fasica. Este cd foi lan\u00e7ado em 2001, aqui em Belo Horizonte e para mim, \u00e9 uma das coisas mais bonita de se ouvir, dentro da produ\u00e7\u00e3o musical mineira. \u00c9 um trabalho excepcional, pois ultrapassa os limites de uma simples produ\u00e7\u00e3o musical. Convido os amigos aqui para essa audi\u00e7\u00e3o. E para clarear um pouco mais esta postagem, incluo uma resenha que veio inclu\u00edda nos arquivos. Segue&#8230;\u00a0<\/div>\n<div class=\"separator\"><i>O trabalho, fruto de tr\u00eas anos, tempo dedicado \u00e0 cria\u00e7\u00e3o, ensaios, apresenta\u00e7\u00f5es e grava\u00e7\u00f5es, est\u00e1 em sintonia com a proposta da poesia sonora, que trata o poema n\u00e3o como letra numa m\u00fasica nem como texto a ser recitado, mas como c\u00e9lula expressiva em di\u00e1logo com o som, provocando imagens e reflex\u00f5es. O cd \u00e9 composto de dez faixas e sete poemas, todos colhidos na safra da poesia contempor\u00e2nea mineira: Murilo Antunes, Ronaldo Brand\u00e3o, Luciana Tonelli, Maria Jos\u00e9 Bretas, Joana Guimar\u00e3es, al\u00e9m do pr\u00f3prio Gilberto, respons\u00e1vel pela concep\u00e7\u00e3o musical e arranjos finais de todas as faixas. Tocando um cavaquinho em outra afina\u00e7\u00e3o, acrescida de efeitos sonoro\/tecnol\u00f3gicos, d\u00e1 o tom pra percuss\u00e3o de Jo\u00e3o Carlos e a rebeca de Clarisse Alvarenga, formando o trio que desembocou no t\u00edtulo do trabalho e remete a Jo\u00e3o Gilberto e Clarice Lispector, dois gigantes da m\u00fasica e das letras. Das tr\u00eas faixas que n\u00e3o trazem poemas, duas s\u00e3o instrumentais, entre elas uma releitura de \u201cCarinhoso\u201d, de Pixinguinha e Jo\u00e3o de Barro, cl\u00e1ssico inquestion\u00e1vel da m\u00fasica brasileira. H\u00e1 tamb\u00e9m uma curiosa regrava\u00e7\u00e3o de \u201cO Tempo vai Apagar\u201d, can\u00e7\u00e3o de Paulo C\u00e9sar Barros e Get\u00falio C\u00f4rtes, conhecida na voz de Roberto Carlos. Jo\u00e3o Carlos, percussionista, parceiro e amigo de Gilberto tem uma participa\u00e7\u00e3o fundamental nesse trabalho, dividindo com ele a concep\u00e7\u00e3o minimalista do cd, que conta tamb\u00e9m com as participa\u00e7\u00f5es especiais dos m\u00fasicos; Tatt\u00e1 Spalla e Fernando Lopes e o ator e m\u00fasico Kimura Schetino. Clarisse Alvarenga, tamb\u00e9m jornalista deixou gravada a sua participa\u00e7\u00e3o com a rabeca em \u201cGente\u201d, e Gabriela Ruas emprestou sua voz infantil ao \u201cO Monstro\u201d. Gravado e mixado no est\u00fadio Audio-Digital por S\u00e9rgio Murilo entre setembro de 1999 e dezembro de 2000, o cd teve edi\u00e7\u00e3o esgotada, houve ainda uma segunda edi\u00e7\u00e3o distribu\u00edda no \u201cmano a mano\u201d. Com o tra\u00e7o indelevelmente associado \u00e0 hist\u00f3ria de um dos mais importantes movimentos musicais do Estado, al\u00e9m de capas de discos de Beto Guedes, ele tem desenhos em discos de Toninho Horta e L\u00f4 Borges, para os quais tamb\u00e9m fez cen\u00e1rios de shows \u2013 Gilberto de Abreu n\u00e3o poderia negar a rela\u00e7\u00e3o que mant\u00eam com a m\u00fasica desde que, ainda na adolesc\u00eancia, se tornou vizinho dos Borges no edif\u00edcio Levy, no Centro de Belo Horizonte, onde foi morar quando se transferiu de Montes Claros, oriundo de Espinosa, norte de Minas, para a capital. Na estr\u00e9ia fonogr\u00e1fica marcada pela independ\u00eancia, o CD que foi inteiramente bancado pelo artista, \u00e0 base de permuta com seus quadros, re\u00fane a sua produ\u00e7\u00e3o po\u00e9tica e a de amigos. O artista pl\u00e1stico, performer e poeta admite ter encontrado no disco o formato ideal para expor parte de sua irrequieta produ\u00e7\u00e3o art\u00edstica que, al\u00e9m de desenhos e pinturas, inclui poemas e composi\u00e7\u00f5es feitas no cavaquinho que toca desde a d\u00e9cada de 70, quando entrava em cena em companhia do instrumento no espet\u00e1culo teatral \u201cRisos e Facadas\u201d, de Eid Ribeiro e Ronaldo Brand\u00e3o, inspirados em textos de Samuel Becket. Sobrinho do flautista Oswaldo Lagoeiro, que fez carreira em emissoras de r\u00e1dio da cidade quando o ve\u00edculo ainda cultivava performances ao vivo de profissionais da m\u00fasica, e primo do baixista e compositor Yuri Popoff, Gilberto diz que n\u00e3o precisou freq\u00fcentar escola de m\u00fasica depois da intensa conviv\u00eancia com os integrantes do ent\u00e3o nascente Clube da Esquina. \u201cEnquanto aprendia m\u00fasica com eles, alguns como o Beto Guedes se enveredavam na pintura comigo\u201d recorda das incurs\u00f5es dos dois no ateli\u00ea do chor\u00e3o e pintor Godofredo Guedes, pai de Beto. Na linha inversa dos que fazem da m\u00fasica um mero fundo musical para a poesia, no disco ele promove a intera\u00e7\u00e3o total das duas manifesta\u00e7\u00f5es, dando origem a um novo formato do g\u00eanero.\u00a0<\/i><\/div>\n<div class=\"separator\"><i>\u201cQuando ele dedilha o cavaquinho, parece estar sintonizado a uma \u00e9poca de questionamento e inconformismo, a mesma que viu surgir grande parte de sua produ\u00e7\u00e3o art\u00edstica, que hoje ultrapassa 30 anos de vida\u201d.\u00a0(Textos de Al\u00e9cio Cunha, Ailton Magioli e Alexandra Martins)<\/i><\/div>\n<div class=\"separator\">\u00a0<\/div>\n<div class=\"separator\">clarice lispector, jo\u00e3o gilberto (instrumental)<\/div>\n<div class=\"separator\">p\u00f3<\/div>\n<div class=\"separator\">gente<\/div>\n<div class=\"separator\">quadra 76<\/div>\n<div class=\"separator\">o carinhoso\u00a0<\/div>\n<div class=\"separator\">lapso<\/div>\n<div class=\"separator\">o mostro<\/div>\n<div class=\"separator\">s\u00f3 o tempo vai apagar<\/div>\n<div class=\"separator\">velhocyclo<\/div>\n<div class=\"separator\">jo\u00e3o gilberto<\/div>\n<div class=\"separator\">vida (mix)<\/div>\n<div class=\"separator\">\u00a0<\/div>\n<div class=\"separator\">\u00a0<\/div>\n<div class=\"separator\">.<\/div>","protected":false},"excerpt":{"rendered":"<p>Boa noite, meus prezados amigos cultos e ocultos! Em nosso &#8216;drops sortido&#8217; de janeiro, eu hoje quero apresentar a voc\u00eas um cd, ao inv\u00e9s do tradicional vinil\/lp. N\u00e3o me recordo mais onde foi que achei este trabalho, mas h\u00e1 tempos &hellip; <a href=\"https:\/\/www.toque-musicall.com\/?p=8183\">Continue lendo <span class=\"meta-nav\">&rarr;<\/span><\/a><\/p>\n","protected":false},"author":1,"featured_media":0,"comment_status":"closed","ping_status":"closed","sticky":false,"template":"","format":"standard","meta":{"footnotes":""},"categories":[2659,4246,25],"tags":[4247,3017],"class_list":["post-8183","post","type-post","status-publish","format-standard","hentry","category-cds","category-gilberto-de-abreu-a-cia","category-selo-independente","tag-gilberto-de-abreu-a-cia","tag-selo-independente"],"_links":{"self":[{"href":"https:\/\/www.toque-musicall.com\/index.php?rest_route=\/wp\/v2\/posts\/8183","targetHints":{"allow":["GET"]}}],"collection":[{"href":"https:\/\/www.toque-musicall.com\/index.php?rest_route=\/wp\/v2\/posts"}],"about":[{"href":"https:\/\/www.toque-musicall.com\/index.php?rest_route=\/wp\/v2\/types\/post"}],"author":[{"embeddable":true,"href":"https:\/\/www.toque-musicall.com\/index.php?rest_route=\/wp\/v2\/users\/1"}],"replies":[{"embeddable":true,"href":"https:\/\/www.toque-musicall.com\/index.php?rest_route=%2Fwp%2Fv2%2Fcomments&post=8183"}],"version-history":[{"count":1,"href":"https:\/\/www.toque-musicall.com\/index.php?rest_route=\/wp\/v2\/posts\/8183\/revisions"}],"predecessor-version":[{"id":8184,"href":"https:\/\/www.toque-musicall.com\/index.php?rest_route=\/wp\/v2\/posts\/8183\/revisions\/8184"}],"wp:attachment":[{"href":"https:\/\/www.toque-musicall.com\/index.php?rest_route=%2Fwp%2Fv2%2Fmedia&parent=8183"}],"wp:term":[{"taxonomy":"category","embeddable":true,"href":"https:\/\/www.toque-musicall.com\/index.php?rest_route=%2Fwp%2Fv2%2Fcategories&post=8183"},{"taxonomy":"post_tag","embeddable":true,"href":"https:\/\/www.toque-musicall.com\/index.php?rest_route=%2Fwp%2Fv2%2Ftags&post=8183"}],"curies":[{"name":"wp","href":"https:\/\/api.w.org\/{rel}","templated":true}]}}