{"id":8188,"date":"2021-01-18T00:36:00","date_gmt":"2021-01-18T03:36:00","guid":{"rendered":"http:\/\/www.toque-musicall.com\/?p=8188"},"modified":"2021-01-20T00:42:34","modified_gmt":"2021-01-20T03:42:34","slug":"gallo-e-seu-conjunto-um-galo-dancante-1958","status":"publish","type":"post","link":"https:\/\/www.toque-musicall.com\/?p=8188","title":{"rendered":"Gallo E Seu Conjunto &#8211; Um Galo Dancante (1958)"},"content":{"rendered":"\n<figure class=\"wp-block-image size-large\"><img decoding=\"async\" src=\"https:\/\/1.bp.blogspot.com\/-OvJvEiZs9pg\/YAeizJS1ZMI\/AAAAAAAAS4E\/urxokMUZHO84bhB1DRtF9Q3kcLNjS8XUQCLcBGAsYHQ\/w640-h622\/Anota%25C3%25A7%25C3%25A3o%2B2020-12-06%2B071544.jpg\" alt=\"\"\/><\/figure>\n\n\n\n<figure class=\"wp-block-image size-large is-resized\"><img loading=\"lazy\" decoding=\"async\" src=\"https:\/\/1.bp.blogspot.com\/-OZMobusBSNU\/YAeizJJpKpI\/AAAAAAAAS4I\/YvfqYEDcEbg2b1RsbG2PeUu2H-fz8FY-ACLcBGAsYHQ\/w634-h640\/Anota%25C3%25A7%25C3%25A3o%2B2020-12-06%2B071625.jpg\" alt=\"\" width=\"614\" height=\"619\"\/><\/figure>\n\n\n<div class=\"separator\">Ol\u00e1, amigos cultos e ocultos! O TM est\u00e1 trazendo de volta o maestro e pianista Fernando Gallo, acompanhado de seu conjunto, mais o coral de Severino Filho. Desta vez, apresentamos \u201cUm Galo dan\u00e7ante\u201d, lan\u00e7ado pela Columbia, hoje Sony Music, em 1958. O disco vem com seis faixas, cada uma com tr\u00eas m\u00fasicas, apresentando, como de costume nesse tempo, uma sele\u00e7\u00e3o de sucessos nacionais e internacionais. Portanto, lembra a estrutura dos \u00e1lbuns de Waldir Calmon, que na \u00e9poca vendiam feito \u00e1gua. A \u00faltima faixa apresenta tr\u00eas cl\u00e1ssicos da MPB em ritmo de rock: \u201cNa Baixa do Sapateiro\u201d, \u201cAquarela do Brasil\u201d (ambas do mestre Ary Barroso) e \u201cMaracangalha\u201d (esta de autoria de outro mestre, Dorival Caymmi). Este, portanto, \u00e9 mais um disco que vale a pena ouvir e dan\u00e7ar. \u00c9 ir ao GTM e conferir.<\/div>\n<div class=\"separator\">\u00a0<\/div>\n<div class=\"separator\">um galo dan\u00e7ante &#8211; samba fant\u00e1stico &#8211; samba do galo<\/div>\n<div class=\"separator\">when i am with you &#8211; chances are &#8211; love letters<\/div>\n<div class=\"separator\">cachito &#8211; night and day &#8211; silbando mambo<\/div>\n<div class=\"separator\">lamento &#8211; nosso samba &#8211; casa da lol\u00f3<\/div>\n<div class=\"separator\">mente &#8211; haja o que houver &#8211; falam meus olhos<\/div>\n<div class=\"separator\">na baixa do sapateiro &#8211; aquarela do brasil &#8211; maracangalha<\/div>\n<div class=\"separator\">\u00a0<\/div>\n<div class=\"separator\">\u00a0<\/div>\n<div class=\"separator\">*Texto de Samuel Machado Filho<\/div>","protected":false},"excerpt":{"rendered":"<p>Ol\u00e1, amigos cultos e ocultos! O TM est\u00e1 trazendo de volta o maestro e pianista Fernando Gallo, acompanhado de seu conjunto, mais o coral de Severino Filho. Desta vez, apresentamos \u201cUm Galo dan\u00e7ante\u201d, lan\u00e7ado pela Columbia, hoje Sony Music, em &hellip; <a href=\"https:\/\/www.toque-musicall.com\/?p=8188\">Continue lendo <span class=\"meta-nav\">&rarr;<\/span><\/a><\/p>\n","protected":false},"author":1,"featured_media":0,"comment_status":"closed","ping_status":"closed","sticky":false,"template":"","format":"standard","meta":{"footnotes":""},"categories":[3224,269],"tags":[3225,3238],"class_list":["post-8188","post","type-post","status-publish","format-standard","hentry","category-gallo-e-seu-conjunto","category-selo-columbia","tag-gallo-e-seu-conjunto","tag-selo-columbia"],"_links":{"self":[{"href":"https:\/\/www.toque-musicall.com\/index.php?rest_route=\/wp\/v2\/posts\/8188","targetHints":{"allow":["GET"]}}],"collection":[{"href":"https:\/\/www.toque-musicall.com\/index.php?rest_route=\/wp\/v2\/posts"}],"about":[{"href":"https:\/\/www.toque-musicall.com\/index.php?rest_route=\/wp\/v2\/types\/post"}],"author":[{"embeddable":true,"href":"https:\/\/www.toque-musicall.com\/index.php?rest_route=\/wp\/v2\/users\/1"}],"replies":[{"embeddable":true,"href":"https:\/\/www.toque-musicall.com\/index.php?rest_route=%2Fwp%2Fv2%2Fcomments&post=8188"}],"version-history":[{"count":1,"href":"https:\/\/www.toque-musicall.com\/index.php?rest_route=\/wp\/v2\/posts\/8188\/revisions"}],"predecessor-version":[{"id":8189,"href":"https:\/\/www.toque-musicall.com\/index.php?rest_route=\/wp\/v2\/posts\/8188\/revisions\/8189"}],"wp:attachment":[{"href":"https:\/\/www.toque-musicall.com\/index.php?rest_route=%2Fwp%2Fv2%2Fmedia&parent=8188"}],"wp:term":[{"taxonomy":"category","embeddable":true,"href":"https:\/\/www.toque-musicall.com\/index.php?rest_route=%2Fwp%2Fv2%2Fcategories&post=8188"},{"taxonomy":"post_tag","embeddable":true,"href":"https:\/\/www.toque-musicall.com\/index.php?rest_route=%2Fwp%2Fv2%2Ftags&post=8188"}],"curies":[{"name":"wp","href":"https:\/\/api.w.org\/{rel}","templated":true}]}}