{"id":8190,"date":"2021-01-19T22:23:00","date_gmt":"2021-01-20T01:23:00","guid":{"rendered":"http:\/\/www.toque-musicall.com\/?p=8190"},"modified":"2021-01-20T22:26:03","modified_gmt":"2021-01-21T01:26:03","slug":"miltinho-1974","status":"publish","type":"post","link":"https:\/\/www.toque-musicall.com\/?p=8190","title":{"rendered":"Miltinho (1974)"},"content":{"rendered":"\n<figure class=\"wp-block-image size-large\"><img decoding=\"async\" src=\"https:\/\/1.bp.blogspot.com\/-WAzLnLMOuow\/YAgv1gk6YJI\/AAAAAAAAS4Y\/ns4rk_pV6A8ekQiwVUYdq15BDE_uUXlswCLcBGAsYHQ\/w638-h640\/Anota%25C3%25A7%25C3%25A3o%2B2021-01-20%2B101757.jpg\" alt=\"\"\/><\/figure>\n\n\n\n<figure class=\"wp-block-image size-large\"><img decoding=\"async\" src=\"https:\/\/1.bp.blogspot.com\/-NKibwu_y6zg\/YAgv1n_54VI\/AAAAAAAAS4c\/CcN4mqpB-jYd3u7Uge4WNGgn9xA_6OUlQCLcBGAsYHQ\/w634-h640\/Anota%25C3%25A7%25C3%25A3o%2B2021-01-20%2B101726.jpg\" alt=\"\"\/><\/figure>\n\n\n<div class=\"separator\">Bom dia a todos os amigos cultos e ocultos! Para n\u00e3o dizer que n\u00e3o gosto e que ningu\u00e9m aqui tamb\u00e9m n\u00e3o gosta, vamos aqui com mais um disco desse int\u00e9rprete genial, o grande Miltinho. Aqui temos ele novamente neste disco lan\u00e7ado em 1974, pela Odeon. Produ\u00e7\u00e3o de Milton Miranda e dire\u00e7\u00e3o musical do Maestro Gaya. Um disco dos mais agrad\u00e1veis em sua fase nos anos 70, como sempre recheado de sambas e toda essa malemol\u00eancia que s\u00f3 o Miltinho tinha, caracterizado tamb\u00e9m pela voz anasalada, sua marca registrada. Muito bom.. \u00c9 s\u00f3 conferir no GTM&#8230;<\/div>\n<div class=\"separator\">\u00a0<\/div>\n<div class=\"separator\">namorada madrugada<\/div>\n<div class=\"separator\">retalhos de cetim<\/div>\n<div class=\"separator\">mulher<\/div>\n<div class=\"separator\">minhas l\u00e1grimas<\/div>\n<div class=\"separator\">ningu\u00e9m \u00e9 de ningu\u00e9m<\/div>\n<div class=\"separator\">quero morrer de sambar<\/div>\n<div class=\"separator\">dois estranhos<\/div>\n<div class=\"separator\">reconcilia\u00e7\u00e3o<\/div>\n<div class=\"separator\">nova esperan\u00e7a<\/div>\n<div class=\"separator\">louca<\/div>\n<div class=\"separator\">\u00a0<\/div>\n<div class=\"separator\">.<\/div>","protected":false},"excerpt":{"rendered":"<p>Bom dia a todos os amigos cultos e ocultos! Para n\u00e3o dizer que n\u00e3o gosto e que ningu\u00e9m aqui tamb\u00e9m n\u00e3o gosta, vamos aqui com mais um disco desse int\u00e9rprete genial, o grande Miltinho. Aqui temos ele novamente neste disco &hellip; <a href=\"https:\/\/www.toque-musicall.com\/?p=8190\">Continue lendo <span class=\"meta-nav\">&rarr;<\/span><\/a><\/p>\n","protected":false},"author":1,"featured_media":0,"comment_status":"closed","ping_status":"closed","sticky":false,"template":"","format":"standard","meta":{"footnotes":""},"categories":[554,86],"tags":[3167,3153],"class_list":["post-8190","post","type-post","status-publish","format-standard","hentry","category-miltinho","category-selo-odeon","tag-miltinho","tag-selo-odeon"],"_links":{"self":[{"href":"https:\/\/www.toque-musicall.com\/index.php?rest_route=\/wp\/v2\/posts\/8190","targetHints":{"allow":["GET"]}}],"collection":[{"href":"https:\/\/www.toque-musicall.com\/index.php?rest_route=\/wp\/v2\/posts"}],"about":[{"href":"https:\/\/www.toque-musicall.com\/index.php?rest_route=\/wp\/v2\/types\/post"}],"author":[{"embeddable":true,"href":"https:\/\/www.toque-musicall.com\/index.php?rest_route=\/wp\/v2\/users\/1"}],"replies":[{"embeddable":true,"href":"https:\/\/www.toque-musicall.com\/index.php?rest_route=%2Fwp%2Fv2%2Fcomments&post=8190"}],"version-history":[{"count":1,"href":"https:\/\/www.toque-musicall.com\/index.php?rest_route=\/wp\/v2\/posts\/8190\/revisions"}],"predecessor-version":[{"id":8191,"href":"https:\/\/www.toque-musicall.com\/index.php?rest_route=\/wp\/v2\/posts\/8190\/revisions\/8191"}],"wp:attachment":[{"href":"https:\/\/www.toque-musicall.com\/index.php?rest_route=%2Fwp%2Fv2%2Fmedia&parent=8190"}],"wp:term":[{"taxonomy":"category","embeddable":true,"href":"https:\/\/www.toque-musicall.com\/index.php?rest_route=%2Fwp%2Fv2%2Fcategories&post=8190"},{"taxonomy":"post_tag","embeddable":true,"href":"https:\/\/www.toque-musicall.com\/index.php?rest_route=%2Fwp%2Fv2%2Ftags&post=8190"}],"curies":[{"name":"wp","href":"https:\/\/api.w.org\/{rel}","templated":true}]}}