{"id":8197,"date":"2021-01-21T23:42:00","date_gmt":"2021-01-22T02:42:00","guid":{"rendered":"http:\/\/www.toque-musicall.com\/?p=8197"},"modified":"2021-01-24T10:40:54","modified_gmt":"2021-01-24T13:40:54","slug":"8197","status":"publish","type":"post","link":"https:\/\/www.toque-musicall.com\/?p=8197","title":{"rendered":"Francisco De Moraes E Sua Orquestra &#8211; As Melhores Do Ano (1964)"},"content":{"rendered":"\n<figure class=\"wp-block-image size-large\"><img decoding=\"async\" src=\"https:\/\/1.bp.blogspot.com\/-OzEeGD0zimw\/YAuHGS3czxI\/AAAAAAAAS5g\/PJzfKfZUQmgo15ERg36gWUW52UcHzxIhACLcBGAsYHQ\/w636-h640\/Anota%25C3%25A7%25C3%25A3o%2B2021-01-20%2B100745.jpg\" alt=\"\"\/><\/figure>\n\n\n\n<figure class=\"wp-block-image size-large\"><img decoding=\"async\" src=\"https:\/\/1.bp.blogspot.com\/-rvSvIfVZhuM\/YAuHGb-7fMI\/AAAAAAAAS5c\/8Pvd8KrhOb8qOm9E6_jcxiQKPtwfSccTwCLcBGAsYHQ\/w640-h634\/Anota%25C3%25A7%25C3%25A3o%2B2021-01-20%2B101054.jpg\" alt=\"\"\/><\/figure>\n\n\n<div class=\"separator\">Boa noite, car\u00edssimos amigos cultos e ocultos! Nesses \u00faltimos dias tenho passado uns apertos aqui com essa internet de fibra da Vivo. A gente tenta melhorar a coisa, acompanhar a tecnologia, mas aqui no Brasil, neste sentido, tudo que \u00e9 novo \u00e9 a maior furada. A internet por aqui fica oscilando e quando a gente menos espera ela cai. Chega a dar raiva, acabo desistindo e vou cuidar de outra coisa.<\/div>\n<div class=\"separator\">Mas para n\u00e3o deixar acumular ou atrasar, vou aqui tentando emplacar mais uma postagem. Nosso encontro hoje \u00e9 com as orquestras e mais exatamente com a orquestra do maestro Francisco Moraes, figura j\u00e1 conhecida em nossos &#8216;toques musicais&#8217;. Aqui temos ele, em disco da Chantecler, lan\u00e7ado em 1964. Um lp reunido diferentes sucessos nacionais e internacionais daquele ano. Um disco, obviamente instrumental e orquestrado, coisa que hoje em dia n\u00e3o se escuta mais, a n\u00e3o ser nas postagens desse blog musical. Confiram no GTM&#8230;<\/div>\n<div class=\"separator\">&nbsp;<\/div>\n<div class=\"separator\">lawrence da arabia<\/div>\n<div class=\"separator\">sonhar contigo<\/div>\n<div class=\"separator\">ensinando bossa nova<\/div>\n<div class=\"separator\">legata a un granello di sabbia<\/div>\n<div class=\"separator\">tudo de mim<\/div>\n<div class=\"separator\">garota de ipanema<\/div>\n<div class=\"separator\">ti guardero nel cuore<\/div>\n<div class=\"separator\">essa noite eu queria que o mundo acabasse<\/div>\n<div class=\"separator\">chariot<\/div>\n<div class=\"separator\">quando quando quando<\/div>\n<div class=\"separator\">o problema do amor<\/div>\n<div class=\"separator\">sukyaki<\/div>\n<div class=\"separator\">&nbsp;<\/div>\n<div class=\"separator\">&nbsp;<\/div>\n<div class=\"separator\">.<\/div>\n<div class=\"separator\">&nbsp;<\/div>","protected":false},"excerpt":{"rendered":"<p>Boa noite, car\u00edssimos amigos cultos e ocultos! Nesses \u00faltimos dias tenho passado uns apertos aqui com essa internet de fibra da Vivo. A gente tenta melhorar a coisa, acompanhar a tecnologia, mas aqui no Brasil, neste sentido, tudo que \u00e9 &hellip; <a href=\"https:\/\/www.toque-musicall.com\/?p=8197\">Continue lendo <span class=\"meta-nav\">&rarr;<\/span><\/a><\/p>\n","protected":false},"author":1,"featured_media":0,"comment_status":"closed","ping_status":"closed","sticky":false,"template":"","format":"standard","meta":{"footnotes":""},"categories":[69,217],"tags":[4254,3073],"class_list":["post-8197","post","type-post","status-publish","format-standard","hentry","category-francisco-moraes","category-selo-chantecler","tag-francisco-moraes","tag-selo-chantecler"],"_links":{"self":[{"href":"https:\/\/www.toque-musicall.com\/index.php?rest_route=\/wp\/v2\/posts\/8197","targetHints":{"allow":["GET"]}}],"collection":[{"href":"https:\/\/www.toque-musicall.com\/index.php?rest_route=\/wp\/v2\/posts"}],"about":[{"href":"https:\/\/www.toque-musicall.com\/index.php?rest_route=\/wp\/v2\/types\/post"}],"author":[{"embeddable":true,"href":"https:\/\/www.toque-musicall.com\/index.php?rest_route=\/wp\/v2\/users\/1"}],"replies":[{"embeddable":true,"href":"https:\/\/www.toque-musicall.com\/index.php?rest_route=%2Fwp%2Fv2%2Fcomments&post=8197"}],"version-history":[{"count":3,"href":"https:\/\/www.toque-musicall.com\/index.php?rest_route=\/wp\/v2\/posts\/8197\/revisions"}],"predecessor-version":[{"id":8203,"href":"https:\/\/www.toque-musicall.com\/index.php?rest_route=\/wp\/v2\/posts\/8197\/revisions\/8203"}],"wp:attachment":[{"href":"https:\/\/www.toque-musicall.com\/index.php?rest_route=%2Fwp%2Fv2%2Fmedia&parent=8197"}],"wp:term":[{"taxonomy":"category","embeddable":true,"href":"https:\/\/www.toque-musicall.com\/index.php?rest_route=%2Fwp%2Fv2%2Fcategories&post=8197"},{"taxonomy":"post_tag","embeddable":true,"href":"https:\/\/www.toque-musicall.com\/index.php?rest_route=%2Fwp%2Fv2%2Ftags&post=8197"}],"curies":[{"name":"wp","href":"https:\/\/api.w.org\/{rel}","templated":true}]}}