{"id":82,"date":"2012-04-28T03:19:00","date_gmt":"2012-04-28T03:19:00","guid":{"rendered":"http:\/\/www.toque-musicall.com\/?p=82"},"modified":"2012-04-28T03:19:00","modified_gmt":"2012-04-28T03:19:00","slug":"bebel-gilberto-stadtgarten-koln-germany-2000-2012","status":"publish","type":"post","link":"https:\/\/www.toque-musicall.com\/?p=82","title":{"rendered":"Bebel Gilberto &#8211; Stadtgarten Koln Germany 2000 (2012)"},"content":{"rendered":"<div style=\"clear: both; text-align: center;\"><a href=\"http:\/\/2.bp.blogspot.com\/-rtlHlxteiXk\/T5tZfh_QYjI\/AAAAAAAABtY\/O_H101WAI7I\/s1600\/Capa+p.JPG\" style=\"margin-left: 1em; margin-right: 1em;\"><img loading=\"lazy\" decoding=\"async\" border=\"0\" height=\"400\" src=\"http:\/\/2.bp.blogspot.com\/-rtlHlxteiXk\/T5tZfh_QYjI\/AAAAAAAABtY\/O_H101WAI7I\/s400\/Capa+p.JPG\" width=\"400\" \/><\/a><\/div>\n<div style=\"clear: both; text-align: center;\"><a href=\"http:\/\/3.bp.blogspot.com\/-2sgEUSrYxEo\/T5tZa7NyL2I\/AAAAAAAABtQ\/JQ9A5OiSPJM\/s1600\/CONTRACapap.JPG\" style=\"margin-left: 1em; margin-right: 1em;\"><img loading=\"lazy\" decoding=\"async\" border=\"0\" height=\"400\" src=\"http:\/\/3.bp.blogspot.com\/-2sgEUSrYxEo\/T5tZa7NyL2I\/AAAAAAAABtQ\/JQ9A5OiSPJM\/s400\/CONTRACapap.JPG\" width=\"400\" \/><\/a><\/div>\n<p>Boa noite, amigos cultos, ocultos e associados! &#8220;A necessidade faz o sapo pular&#8221;. Hoje o dia foi puxado e o final de semana promete&#8230; Estou com o meu tempo todo tomado. Ainda assim me sobra um \u00faltimo f\u00f4lego para a postagem do dia. Eu n\u00e3o tive tempo de preparar nada. Ali\u00e1s, hoje \u00e9 dia de artista\/disco independente. Mas, especialmente hoje, vou fazer diferente. Como tenho \u00e0 m\u00e3o algo mais pr\u00e1tico, vamos a ele. Vamos de Bebel Gilberto em um &#8216;bootleg&#8217; exclusivo. Temos aqui a cantora Bebel Gilberto em apresenta\u00e7\u00e3o na Alemanha, em 2000. S\u00e3o dez m\u00fasicas extra\u00eddas de sua apresenta\u00e7\u00e3o em 24 de novembro de 2000, no &#8216;Stadtgarten&#8217; de Koln, na Alemanha. Informa\u00e7\u00f5es sobre o show? Necas! N\u00e3o vou me dar ao trabalho, na pressa em que eu estou, ficamos apenas na apresenta\u00e7\u00e3o. Vale a pena dar uma conferida, a qualidade do \u00e1udio \u00e9 dez \ud83d\ude42<\/p>\n<div style=\"text-align: center;\">samba da ben\u00e7\u00e3o<\/div>\n<div style=\"text-align: center;\">algu\u00e9m<\/div>\n<div style=\"text-align: center;\">samba de ver\u00e3o (so nice)<\/div>\n<div style=\"text-align: center;\">sem conten\u00e7\u00e3o<\/div>\n<div style=\"text-align: center;\">tanto tempo<\/div>\n<div style=\"text-align: center;\">mais feliz<\/div>\n<div style=\"text-align: center;\">august day song<\/div>\n<div style=\"text-align: center;\">samba e amor<\/div>\n<div style=\"text-align: center;\">lonely<\/div>\n<div style=\"text-align: center;\">bananeira<\/div>\n<div style=\"text-align: center;\"><\/div>\n<p><\/p>\n","protected":false},"excerpt":{"rendered":"<p>Boa noite, amigos cultos, ocultos e associados! &#8220;A necessidade faz o sapo pular&#8221;. Hoje o dia foi puxado e o final de semana promete&#8230; Estou com o meu tempo todo tomado. Ainda assim me sobra um \u00faltimo f\u00f4lego para a &hellip; <a href=\"https:\/\/www.toque-musicall.com\/?p=82\">Continue lendo <span class=\"meta-nav\">&rarr;<\/span><\/a><\/p>\n","protected":false},"author":1,"featured_media":0,"comment_status":"open","ping_status":"closed","sticky":false,"template":"","format":"standard","meta":{"footnotes":""},"categories":[1],"tags":[],"class_list":["post-82","post","type-post","status-publish","format-standard","hentry","category-sem-categoria"],"_links":{"self":[{"href":"https:\/\/www.toque-musicall.com\/index.php?rest_route=\/wp\/v2\/posts\/82","targetHints":{"allow":["GET"]}}],"collection":[{"href":"https:\/\/www.toque-musicall.com\/index.php?rest_route=\/wp\/v2\/posts"}],"about":[{"href":"https:\/\/www.toque-musicall.com\/index.php?rest_route=\/wp\/v2\/types\/post"}],"author":[{"embeddable":true,"href":"https:\/\/www.toque-musicall.com\/index.php?rest_route=\/wp\/v2\/users\/1"}],"replies":[{"embeddable":true,"href":"https:\/\/www.toque-musicall.com\/index.php?rest_route=%2Fwp%2Fv2%2Fcomments&post=82"}],"version-history":[{"count":0,"href":"https:\/\/www.toque-musicall.com\/index.php?rest_route=\/wp\/v2\/posts\/82\/revisions"}],"wp:attachment":[{"href":"https:\/\/www.toque-musicall.com\/index.php?rest_route=%2Fwp%2Fv2%2Fmedia&parent=82"}],"wp:term":[{"taxonomy":"category","embeddable":true,"href":"https:\/\/www.toque-musicall.com\/index.php?rest_route=%2Fwp%2Fv2%2Fcategories&post=82"},{"taxonomy":"post_tag","embeddable":true,"href":"https:\/\/www.toque-musicall.com\/index.php?rest_route=%2Fwp%2Fv2%2Ftags&post=82"}],"curies":[{"name":"wp","href":"https:\/\/api.w.org\/{rel}","templated":true}]}}