{"id":820,"date":"2010-06-09T09:19:00","date_gmt":"2010-06-09T09:19:00","guid":{"rendered":"http:\/\/www.toque-musicall.com\/?p=820"},"modified":"2010-06-09T09:19:00","modified_gmt":"2010-06-09T09:19:00","slug":"o-partido-alto-de-aniceto-campolino-1977","status":"publish","type":"post","link":"https:\/\/www.toque-musicall.com\/?p=820","title":{"rendered":"O Partido Alto de Aniceto &#038; Campolino (1977)"},"content":{"rendered":"<p><a href=\"http:\/\/2.bp.blogspot.com\/_DSKVEvHtskc\/TA9c9bRbm4I\/AAAAAAAAGok\/C2Xm9sgNqLU\/s1600\/anacieto+e+campolino+P.JPG\"><img decoding=\"async\" style=\"TEXT-ALIGN: center; MARGIN: 0px auto 10px; WIDTH: 399px; DISPLAY: block; HEIGHT: 400px; CURSOR: hand\" id=\"BLOGGER_PHOTO_ID_5480701481895828354\" border=\"0\" alt=\"\" src=\"http:\/\/2.bp.blogspot.com\/_DSKVEvHtskc\/TA9c9bRbm4I\/AAAAAAAAGok\/C2Xm9sgNqLU\/s400\/anacieto+e+campolino+P.JPG\" \/><\/a> &#8220;Ama o teu vizinho como a ti mesmo, mesmo que ele fa\u00e7a barulho&#8230;&#8221; Era com essa m\u00e1xima que eu, nos meus bons tempos de rep\u00fablica, me apoiava para justificar nossos excessos e arroubos estudantis frente a vizinhan\u00e7a, que ficava de cabelo em p\u00e9. Estou iniciando nossa postagem por a\u00ed, devido ao fato de ser agora 4 horas da manh\u00e3 e a mo\u00e7ada do andar de baixo nem se tocar que seus vizinhos querem dormir. Ali\u00e1s, tocar eles querem, o viol\u00e3o. Voc\u00eas bem sabem, eu adoro m\u00fasica, mas de madrugada, no meio da semana e em um edif\u00edcio residencial, a\u00ed \u00e9 foda! Pior ainda \u00e9 quando os caras n\u00e3o tocam nada, s\u00f3 sabem fazer barulho. Na minha \u00e9poca pelo menos a gente morava em casa e toc\u00e1vamos muito bem, diga-se de passagem. Me lembro que apenas uma \u00fanica vez a vizinhan\u00e7a horrorizou, foi quando num dia depois da meia noite, um colega da casa trouxe este disco de samba. Passamos o dia inteiro ouvindo o partido alto de Aniceto e Campolino. Ali\u00e1s, passamos o dia e tamb\u00e9m a noite, j\u00e1 nessa altura devidamente &#8216;mamados e fumados&#8217;. N\u00e3o deu outra, o vizinho foi l\u00e1 reclamar. Foi s\u00f3 uma vez, para nunca mais. Aqui, pelo jeito, s\u00f3 chamando a pol\u00edcia, pqp! Como n\u00e3o consegui mais dormir, resolvi ent\u00e3o adiantar nossa postagem. Lembrei desses meus tempos, lembrei da m\u00fasica de S\u00e1, Rodrix e Guarabyra e lembrei principalmente do disco do Aniceto e Campolino. Por essa raz\u00e3o, \u00e9 ele quem vai fazer nossa cabe\u00e7a no dia de hoje. Este \u00e1lbum j\u00e1 foi visto em outros blogs, com certeza, mas aqui ele vem \u00e0 car\u00e1cter, como cabe a um bom toque musical. Para aqueles que ainda n\u00e3o o conhece, eis aqui a grande oportunidade. Quem gosta de samba de raiz, samba de verdade, n\u00e3o pode perder a chance de ouvir isso, \u00e9 bom demais!<br \/>Este disco, lan\u00e7ado pela Funda\u00e7\u00e3o Estadual de Museus do Rio de Janeiro e MIS em 1977 foi o primeiro e talvez o \u00fanico disco gravado por esses dois sambistas. A produ\u00e7\u00e3o art\u00edstica do \u00e1lbum \u00e9 de Elton Medeiros. Foi ele o respons\u00e1vel por trazer a tona e ao grande p\u00fablico os dois artistas e tamb\u00e9m despertar para um tipo de samba que h\u00e1 muito vinha sido esquecido (ou deturpado), o Partido Alto. Falar sobre este tipo de samba n\u00e3o \u00e9 coisa que se possa fazer numa pequena resenha postal. Al\u00e9m do mais, a defini\u00e7\u00e3o do que \u00e9 realmente o Partido Alto \u00e9 uma coisa em que n\u00e3o h\u00e1 consenso nem mesmo entre os estudiosos do assunto. O que posso dizer \u00e0 respeito de Aniceto de Menezes e Nilton da Silva \u00e9 o que est\u00e1 na contracapa e bem resumido. Eles fazem um tipo de samba com uma forte influ\u00eancia rural, um samba criado fora do morro urbano do Rio de Janeiro, onde os elementos tem\u00e1ticos s\u00e3o bem diferentes e at\u00e9 a instrumenta\u00e7\u00e3o. Tem inclusive viola caipira! A dupla vem acompanhada pelo Grupo Chap\u00e9u de Palha e o quarteto vocal As Aut\u00eanticas. Ta\u00ed uma raridade que merece toda a nossa aten\u00e7\u00e3o. N\u00e3o deixem de conferir&#8230;<\/p>\n<div align=\"center\">segredo de tia romana<\/div>\n<div align=\"center\">quem tem, tem<\/div>\n<div align=\"center\">um bocadinho s\u00f3<\/div>\n<div align=\"center\">mocinho cantador<\/div>\n<div align=\"center\">na volta do novelo<\/div>\n<div align=\"center\">z\u00e9 ciumento<\/div>\n<div align=\"center\">ra\u00edzes da \u00e1frica<\/div>\n<div align=\"center\">indesej\u00e1vel mulher<\/div>\n<div align=\"center\">atroz cativeiro <\/div>\n<div align=\"center\">maria sara<\/div>\n<div align=\"center\">jo\u00e3o do ros\u00e1rio<\/div>\n<div align=\"center\">vascila\u00e7\u00e3o n\u00e3o d\u00e1 p\u00e9<\/div>\n<div align=\"center\"> <\/div>\n<div align=\"center\"> <\/div>\n","protected":false},"excerpt":{"rendered":"<p>&#8220;Ama o teu vizinho como a ti mesmo, mesmo que ele fa\u00e7a barulho&#8230;&#8221; Era com essa m\u00e1xima que eu, nos meus bons tempos de rep\u00fablica, me apoiava para justificar nossos excessos e arroubos estudantis frente a vizinhan\u00e7a, que ficava de &hellip; <a href=\"https:\/\/www.toque-musicall.com\/?p=820\">Continue lendo <span class=\"meta-nav\">&rarr;<\/span><\/a><\/p>\n","protected":false},"author":1,"featured_media":0,"comment_status":"open","ping_status":"closed","sticky":false,"template":"","format":"standard","meta":{"footnotes":""},"categories":[1121],"tags":[],"class_list":["post-820","post","type-post","status-publish","format-standard","hentry","category-aniceto-e-campolino"],"_links":{"self":[{"href":"https:\/\/www.toque-musicall.com\/index.php?rest_route=\/wp\/v2\/posts\/820","targetHints":{"allow":["GET"]}}],"collection":[{"href":"https:\/\/www.toque-musicall.com\/index.php?rest_route=\/wp\/v2\/posts"}],"about":[{"href":"https:\/\/www.toque-musicall.com\/index.php?rest_route=\/wp\/v2\/types\/post"}],"author":[{"embeddable":true,"href":"https:\/\/www.toque-musicall.com\/index.php?rest_route=\/wp\/v2\/users\/1"}],"replies":[{"embeddable":true,"href":"https:\/\/www.toque-musicall.com\/index.php?rest_route=%2Fwp%2Fv2%2Fcomments&post=820"}],"version-history":[{"count":0,"href":"https:\/\/www.toque-musicall.com\/index.php?rest_route=\/wp\/v2\/posts\/820\/revisions"}],"wp:attachment":[{"href":"https:\/\/www.toque-musicall.com\/index.php?rest_route=%2Fwp%2Fv2%2Fmedia&parent=820"}],"wp:term":[{"taxonomy":"category","embeddable":true,"href":"https:\/\/www.toque-musicall.com\/index.php?rest_route=%2Fwp%2Fv2%2Fcategories&post=820"},{"taxonomy":"post_tag","embeddable":true,"href":"https:\/\/www.toque-musicall.com\/index.php?rest_route=%2Fwp%2Fv2%2Ftags&post=820"}],"curies":[{"name":"wp","href":"https:\/\/api.w.org\/{rel}","templated":true}]}}